{"id":352096,"date":"2025-04-16T00:25:57","date_gmt":"2025-04-16T03:25:57","guid":{"rendered":"https:\/\/www.notibras.com\/site\/?p=352096"},"modified":"2025-04-16T08:27:12","modified_gmt":"2025-04-16T11:27:12","slug":"militantes-do-mst-sao-atropelados-durante-ato-no-recife","status":"publish","type":"post","link":"https:\/\/www.notibras.com\/site\/militantes-do-mst-sao-atropelados-durante-ato-no-recife\/","title":{"rendered":"Militantes do MST s\u00e3o atropelados durante ato no Recife"},"content":{"rendered":"<p>Dois militantes do Movimento dos Trabalhadores Rurais Sem Terra (MST) foram atropelados na manh\u00e3 dessa ter\u00e7a-feira (15), durante uma manifesta\u00e7\u00e3o no Recife. Um ve\u00edculo avan\u00e7ou sobre o grupo e o motorista fugiu sem prestar socorro.<\/p>\n<p>Segundo o MST, um dos atropelados foi ferido gravemente e est\u00e1 em coma no Hospital da Restaura\u00e7\u00e3o, na capital pernambucana. O outro teve cortes no bra\u00e7o, que ficou ensanguentado depois do ataque.<\/p>\n<p>A dire\u00e7\u00e3o nacional do MST informou que est\u00e1 tomando medidas para identificar o respons\u00e1vel pelo atropelamento:<\/p>\n<p>&#8220;Pedimos justi\u00e7a pelo nosso companheiro que se encontra em estado grave, e que o respons\u00e1vel por esse crime de \u00f3dio seja identificado e punido pelo crime que cometeu. N\u00e3o permitiremos que o \u00f3dio fa\u00e7a mais v\u00edtimas&#8221;, diz a nota oficial.<\/p>\n<p>A entidade diz que recebeu autoriza\u00e7\u00e3o da Autarquia de Tr\u00e2nsito e Transporte (CTTU) e da Pol\u00edcia Militar (PM) para fazer o ato em defesa da Reforma Agr\u00e1ria e da Democracia. Tamb\u00e9m refor\u00e7ou que a marcha era pac\u00edfica e que respeitou todas as sinaliza\u00e7\u00f5es das autoridades locais.<\/p>\n","protected":false},"excerpt":{"rendered":"<p>Dois militantes do Movimento dos Trabalhadores Rurais Sem Terra (MST) foram atropelados na manh\u00e3 dessa ter\u00e7a-feira (15), durante uma manifesta\u00e7\u00e3o no Recife. Um ve\u00edculo avan\u00e7ou sobre o grupo e o motorista fugiu sem prestar socorro. Segundo o MST, um dos atropelados foi ferido gravemente e est\u00e1 em coma no Hospital da Restaura\u00e7\u00e3o, na capital pernambucana. [&hellip;]<\/p>\n","protected":false},"author":2,"featured_media":352097,"comment_status":"closed","ping_status":"closed","sticky":false,"template":"","format":"standard","meta":{"_acf_changed":false,"footnotes":""},"categories":[165],"tags":[],"class_list":["post-352096","post","type-post","status-publish","format-standard","has-post-thumbnail","hentry","category-nordeste"],"acf":[],"_links":{"self":[{"href":"https:\/\/www.notibras.com\/site\/wp-json\/wp\/v2\/posts\/352096","targetHints":{"allow":["GET"]}}],"collection":[{"href":"https:\/\/www.notibras.com\/site\/wp-json\/wp\/v2\/posts"}],"about":[{"href":"https:\/\/www.notibras.com\/site\/wp-json\/wp\/v2\/types\/post"}],"author":[{"embeddable":true,"href":"https:\/\/www.notibras.com\/site\/wp-json\/wp\/v2\/users\/2"}],"replies":[{"embeddable":true,"href":"https:\/\/www.notibras.com\/site\/wp-json\/wp\/v2\/comments?post=352096"}],"version-history":[{"count":1,"href":"https:\/\/www.notibras.com\/site\/wp-json\/wp\/v2\/posts\/352096\/revisions"}],"predecessor-version":[{"id":352098,"href":"https:\/\/www.notibras.com\/site\/wp-json\/wp\/v2\/posts\/352096\/revisions\/352098"}],"wp:featuredmedia":[{"embeddable":true,"href":"https:\/\/www.notibras.com\/site\/wp-json\/wp\/v2\/media\/352097"}],"wp:attachment":[{"href":"https:\/\/www.notibras.com\/site\/wp-json\/wp\/v2\/media?parent=352096"}],"wp:term":[{"taxonomy":"category","embeddable":true,"href":"https:\/\/www.notibras.com\/site\/wp-json\/wp\/v2\/categories?post=352096"},{"taxonomy":"post_tag","embeddable":true,"href":"https:\/\/www.notibras.com\/site\/wp-json\/wp\/v2\/tags?post=352096"}],"curies":[{"name":"wp","href":"https:\/\/api.w.org\/{rel}","templated":true}]}}