{"id":352099,"date":"2025-04-16T00:36:03","date_gmt":"2025-04-16T03:36:03","guid":{"rendered":"https:\/\/www.notibras.com\/site\/?p=352099"},"modified":"2025-04-16T08:56:24","modified_gmt":"2025-04-16T11:56:24","slug":"prefeitura-alavanca-turismo-para-movimentar-a-economia-local","status":"publish","type":"post","link":"https:\/\/www.notibras.com\/site\/prefeitura-alavanca-turismo-para-movimentar-a-economia-local\/","title":{"rendered":"Prefeitura alavanca turismo para movimentar a economia local"},"content":{"rendered":"<p>A Prefeitura do Cabo de Santo Agostinho est\u00e1 desenvolvendo um plano estrat\u00e9gico para impulsionar o turismo no munic\u00edpio, com o objetivo de fomentar a economia por meio da gera\u00e7\u00e3o de emprego, renda e inclus\u00e3o social. A proposta tamb\u00e9m visa reposicionar o Cabo como um destino relevante no cen\u00e1rio tur\u00edstico de Pernambuco, atraindo tanto visitantes nacionais quanto estrangeiros interessados em lazer, cultura e hist\u00f3ria.<\/p>\n<p>O secret\u00e1rio municipal de Turismo, Ederly Barros \u2014 conhecido como Del da Autoescola (PSB) e ex-vereador \u2014 destacou o empenho do prefeito Lula Cabral (Solidariedade) em consolidar o setor tur\u00edstico, tamb\u00e9m chamado de \u201cind\u00fastria sem chamin\u00e9s\u201d. A Secretaria de Turismo est\u00e1 atualizando o invent\u00e1rio tur\u00edstico do munic\u00edpio, mapeando gargalos e oportunidades com o intuito de criar um projeto que valorize e promova os principais atrativos locais.<\/p>\n<p>Com o novo levantamento em m\u00e3os, a Prefeitura pretende firmar parcerias com a Empetur (Empresa Pernambucana de Turismo), com o Sistema S \u2014 especialmente o SENAI, para capacita\u00e7\u00e3o profissional voltada ao atendimento tur\u00edstico \u2014 e com entidades da iniciativa privada, que poder\u00e3o agregar experi\u00eancias e contribuir para o fortalecimento do setor.<\/p>\n<p>Del tamb\u00e9m expressou preocupa\u00e7\u00e3o com a infraestrutura de hospedagem do munic\u00edpio. Apesar da exist\u00eancia de um resort e diversas pousadas ao longo do litoral, muitas dessas acomoda\u00e7\u00f5es ainda carecem de melhorias estruturais e de qualifica\u00e7\u00e3o profissional. Durante anos, esses estabelecimentos serviram como moradia tempor\u00e1ria de trabalhadores do Complexo de Suape, afastando-se de sua voca\u00e7\u00e3o tur\u00edstica original.<\/p>\n<p>Outro desafio destacado \u00e9 a precariedade da PE-28, que liga os bairros litor\u00e2neos \u2014 como Paiva, Itapuama, Pedra de Xar\u00e9u, Enseada dos Corais, Gaibu e Suape \u2014 ao Centro do Cabo. A rodovia, com pista \u00fanica, sem ilumina\u00e7\u00e3o ou acostamento e sinaliza\u00e7\u00e3o deficiente, est\u00e1 em estado de abandono por parte do governo estadual e n\u00e3o foi inclu\u00edda no plano de recupera\u00e7\u00e3o de rodovias. A Prefeitura, por sua vez, n\u00e3o tem autonomia para intervir na via.<\/p>\n<p>O Cabo de Santo Agostinho possui 24 quil\u00f4metros de litoral e nove praias paradis\u00edacas, mas o potencial tur\u00edstico vai muito al\u00e9m do sol e mar. O munic\u00edpio re\u00fane condi\u00e7\u00f5es ideais para o ecoturismo, com parques naturais, fontes e trilhas ainda pouco exploradas. O turismo religioso tamb\u00e9m se destaca, com as ru\u00ednas dos Carmelitas, a Igreja de Nazar\u00e9 e o projeto de instala\u00e7\u00e3o de uma imagem de Nossa Senhora Aparecida com 80 metros de altura, no distrito de Jussaral \u2014 mais alta que o Cristo Redentor, no Rio de Janeiro.<\/p>\n<p>Na dimens\u00e3o hist\u00f3rica, o munic\u00edpio guarda epis\u00f3dios que antecedem a chegada de Pedro \u00c1lvares Cabral ao Brasil. Segundo registros, o navegador Vicente Piz\u00f3n, a servi\u00e7o da Coroa Espanhola, passou pela regi\u00e3o em 1500, seguido por Am\u00e9rico Vesp\u00facio, em 1501, durante expedi\u00e7\u00e3o portuguesa que j\u00e1 utilizava o nome atual da localidade.<\/p>\n<p>Outro marco \u00e9 o Engenho Massangana, conjunto arquitet\u00f4nico do s\u00e9culo XIX e tombado como Parque Nacional da Aboli\u00e7\u00e3o. O local foi resid\u00eancia do abolicionista Joaquim Nabuco durante a inf\u00e2ncia, influenciando a forma\u00e7\u00e3o de seus ideais libert\u00e1rios.<\/p>\n<p>A gastronomia local \u00e9 um atrativo \u00e0 parte, com forte presen\u00e7a de peixes e frutos do mar. Pratos como moquecas, peixadas, ritada de aratu, camar\u00f5es, caranguejo e lagosta marcam a experi\u00eancia de quem visita o munic\u00edpio. A tradi\u00e7\u00e3o dos doces artesanais tamb\u00e9m se mant\u00e9m viva, com passas de mangaba e caju, geleia de ara\u00e7\u00e1, cocadas e licores variados \u2014 de jenipapo, caf\u00e9, canela e coco.<\/p>\n<p>O patrim\u00f4nio cultural do Cabo \u00e9 vibrante e diverso. A arte cabense se expressa por meio da dan\u00e7a, m\u00fasica, teatro e poesia. Manifesta\u00e7\u00f5es como a Sociedade dos Bacamarteiros, o C\u00f4co de Roda, grupos de p\u00edfano e as festas juninas fortalecem a identidade do povo e enriquecem a viv\u00eancia dos turistas.<\/p>\n<p>J\u00e1 o artesanato local une tradi\u00e7\u00e3o e inova\u00e7\u00e3o. A argila \u00e9 o principal elemento na produ\u00e7\u00e3o cer\u00e2mica, que tamb\u00e9m se estende \u00e0 fabrica\u00e7\u00e3o artesanal de cosm\u00e9ticos. Esculturas em madeira, ferro e materiais recicl\u00e1veis, al\u00e9m das t\u00e9cnicas de marchetaria, tran\u00e7ados com fibras vegetais, arte em cip\u00f3 e pintura em tecidos, tamb\u00e9m fazem parte dessa diversidade criativa.<\/p>\n<p>Essa riqueza \u00e9 concentrada no Centro de Artesanato do Cabo, espa\u00e7o dedicado \u00e0 cria\u00e7\u00e3o, forma\u00e7\u00e3o t\u00e9cnica e comercializa\u00e7\u00e3o das pe\u00e7as. Reconhecida nacionalmente, a cer\u00e2mica cabense atrai at\u00e9 chefs de cozinha pela qualidade da argila e t\u00e9cnicas utilizadas. O local tamb\u00e9m oferece oficinas para turistas produzirem suas pr\u00f3prias pe\u00e7as \u2014 uma lembran\u00e7a aut\u00eantica e inesquec\u00edvel da visita ao munic\u00edpio.<\/p>\n","protected":false},"excerpt":{"rendered":"<p>A Prefeitura do Cabo de Santo Agostinho est\u00e1 desenvolvendo um plano estrat\u00e9gico para impulsionar o turismo no munic\u00edpio, com o objetivo de fomentar a economia por meio da gera\u00e7\u00e3o de emprego, renda e inclus\u00e3o social. A proposta tamb\u00e9m visa reposicionar o Cabo como um destino relevante no cen\u00e1rio tur\u00edstico de Pernambuco, atraindo tanto visitantes nacionais [&hellip;]<\/p>\n","protected":false},"author":2,"featured_media":352100,"comment_status":"closed","ping_status":"closed","sticky":false,"template":"","format":"standard","meta":{"_acf_changed":false,"footnotes":""},"categories":[165],"tags":[],"class_list":["post-352099","post","type-post","status-publish","format-standard","has-post-thumbnail","hentry","category-nordeste"],"acf":[],"_links":{"self":[{"href":"https:\/\/www.notibras.com\/site\/wp-json\/wp\/v2\/posts\/352099","targetHints":{"allow":["GET"]}}],"collection":[{"href":"https:\/\/www.notibras.com\/site\/wp-json\/wp\/v2\/posts"}],"about":[{"href":"https:\/\/www.notibras.com\/site\/wp-json\/wp\/v2\/types\/post"}],"author":[{"embeddable":true,"href":"https:\/\/www.notibras.com\/site\/wp-json\/wp\/v2\/users\/2"}],"replies":[{"embeddable":true,"href":"https:\/\/www.notibras.com\/site\/wp-json\/wp\/v2\/comments?post=352099"}],"version-history":[{"count":2,"href":"https:\/\/www.notibras.com\/site\/wp-json\/wp\/v2\/posts\/352099\/revisions"}],"predecessor-version":[{"id":352108,"href":"https:\/\/www.notibras.com\/site\/wp-json\/wp\/v2\/posts\/352099\/revisions\/352108"}],"wp:featuredmedia":[{"embeddable":true,"href":"https:\/\/www.notibras.com\/site\/wp-json\/wp\/v2\/media\/352100"}],"wp:attachment":[{"href":"https:\/\/www.notibras.com\/site\/wp-json\/wp\/v2\/media?parent=352099"}],"wp:term":[{"taxonomy":"category","embeddable":true,"href":"https:\/\/www.notibras.com\/site\/wp-json\/wp\/v2\/categories?post=352099"},{"taxonomy":"post_tag","embeddable":true,"href":"https:\/\/www.notibras.com\/site\/wp-json\/wp\/v2\/tags?post=352099"}],"curies":[{"name":"wp","href":"https:\/\/api.w.org\/{rel}","templated":true}]}}