{"id":352102,"date":"2025-04-16T06:39:18","date_gmt":"2025-04-16T09:39:18","guid":{"rendered":"https:\/\/www.notibras.com\/site\/?p=352102"},"modified":"2025-04-16T08:45:28","modified_gmt":"2025-04-16T11:45:28","slug":"nordestino-para-tudo-para-ver-passar-a-procissao","status":"publish","type":"post","link":"https:\/\/www.notibras.com\/site\/nordestino-para-tudo-para-ver-passar-a-procissao\/","title":{"rendered":"Nordestino para tudo para ver passar a prociss\u00e3o"},"content":{"rendered":"<p>A Semana Santa, celebrada pelos crist\u00e3os em todo o mundo, \u00e9, no Nordeste brasileiro,\u00a0 muito mais do que um per\u00edodo de feriados ou tradi\u00e7\u00f5es religiosas. Ela representa um momento de profunda reflex\u00e3o, f\u00e9 e renova\u00e7\u00e3o espiritual. Com in\u00edcio no Domingo de Ramos e encerramento no Domingo de P\u00e1scoa, a Semana Santa relembra os \u00faltimos dias da vida de Jesus Cristo, sua paix\u00e3o, morte e ressurrei\u00e7\u00e3o.<\/p>\n<p>O primeiro dia da Semana Santa \u00e9 marcado pela celebra\u00e7\u00e3o do Domingo de Ramos, que recorda a entrada de Jesus em Jerusal\u00e9m, aclamado pela multid\u00e3o com ramos de palmeiras. Nas igrejas, \u00e9 comum a b\u00ean\u00e7\u00e3o dos ramos, simbolizando a esperan\u00e7a e a acolhida ao Salvador.<br \/>\nNa Quinta-feira, celebra-se a \u00daltima Ceia, quando Jesus instituiu a Eucaristia e lavou os p\u00e9s dos disc\u00edpulos, ensinando o valor do servi\u00e7o e da humildade.<\/p>\n<p>A Sexta-feira Santa \u00e9 um dos momentos mais solenes: relembra-se a crucifica\u00e7\u00e3o e morte de Jesus. \u00c9 um dia de sil\u00eancio, jejum e ora\u00e7\u00e3o, em que muitas igrejas realizam a tradicional Via-Sacra.<br \/>\nO S\u00e1bado Santo, por sua vez, \u00e9 um dia de espera e vig\u00edlia. \u00c0 noite, ocorre a Vig\u00edlia Pascal, considerada a mais importante celebra\u00e7\u00e3o do calend\u00e1rio crist\u00e3o, marcando a ressurrei\u00e7\u00e3o de Cristo.<\/p>\n<p>O \u00e1pice da Semana Santa \u00e9 o Domingo de P\u00e1scoa, que celebra a vit\u00f3ria da vida sobre a morte. Para os crist\u00e3os, a ressurrei\u00e7\u00e3o de Jesus \u00e9 a base da f\u00e9 e da esperan\u00e7a em uma vida plena.<\/p>\n<p>Mais do que um conjunto de rituais, a Semana Santa convida \u00e0 introspec\u00e7\u00e3o, ao perd\u00e3o e \u00e0 renova\u00e7\u00e3o interior. Em tempos de desafios e incertezas, sua mensagem continua atual: amor, sacrif\u00edcio e renascimento.<\/p>\n<p>Nesses dias, o Nordeste para literalmente.\u00a0 \u00c9 um feriad\u00e3o de ora\u00e7\u00f5es &#8211; mas tamb\u00e9m de repouso e lazer.<\/p>\n","protected":false},"excerpt":{"rendered":"<p>A Semana Santa, celebrada pelos crist\u00e3os em todo o mundo, \u00e9, no Nordeste brasileiro,\u00a0 muito mais do que um per\u00edodo de feriados ou tradi\u00e7\u00f5es religiosas. Ela representa um momento de profunda reflex\u00e3o, f\u00e9 e renova\u00e7\u00e3o espiritual. Com in\u00edcio no Domingo de Ramos e encerramento no Domingo de P\u00e1scoa, a Semana Santa relembra os \u00faltimos dias [&hellip;]<\/p>\n","protected":false},"author":2,"featured_media":352103,"comment_status":"closed","ping_status":"closed","sticky":false,"template":"","format":"standard","meta":{"_acf_changed":false,"footnotes":""},"categories":[165],"tags":[],"class_list":["post-352102","post","type-post","status-publish","format-standard","has-post-thumbnail","hentry","category-nordeste"],"acf":[],"_links":{"self":[{"href":"https:\/\/www.notibras.com\/site\/wp-json\/wp\/v2\/posts\/352102","targetHints":{"allow":["GET"]}}],"collection":[{"href":"https:\/\/www.notibras.com\/site\/wp-json\/wp\/v2\/posts"}],"about":[{"href":"https:\/\/www.notibras.com\/site\/wp-json\/wp\/v2\/types\/post"}],"author":[{"embeddable":true,"href":"https:\/\/www.notibras.com\/site\/wp-json\/wp\/v2\/users\/2"}],"replies":[{"embeddable":true,"href":"https:\/\/www.notibras.com\/site\/wp-json\/wp\/v2\/comments?post=352102"}],"version-history":[{"count":2,"href":"https:\/\/www.notibras.com\/site\/wp-json\/wp\/v2\/posts\/352102\/revisions"}],"predecessor-version":[{"id":352105,"href":"https:\/\/www.notibras.com\/site\/wp-json\/wp\/v2\/posts\/352102\/revisions\/352105"}],"wp:featuredmedia":[{"embeddable":true,"href":"https:\/\/www.notibras.com\/site\/wp-json\/wp\/v2\/media\/352103"}],"wp:attachment":[{"href":"https:\/\/www.notibras.com\/site\/wp-json\/wp\/v2\/media?parent=352102"}],"wp:term":[{"taxonomy":"category","embeddable":true,"href":"https:\/\/www.notibras.com\/site\/wp-json\/wp\/v2\/categories?post=352102"},{"taxonomy":"post_tag","embeddable":true,"href":"https:\/\/www.notibras.com\/site\/wp-json\/wp\/v2\/tags?post=352102"}],"curies":[{"name":"wp","href":"https:\/\/api.w.org\/{rel}","templated":true}]}}