{"id":352112,"date":"2025-04-16T00:09:52","date_gmt":"2025-04-16T03:09:52","guid":{"rendered":"https:\/\/www.notibras.com\/site\/?p=352112"},"modified":"2025-04-16T09:12:20","modified_gmt":"2025-04-16T12:12:20","slug":"escola-fortalece-vinculos-e-cultura-de-paz-com-projeto-conviva","status":"publish","type":"post","link":"https:\/\/www.notibras.com\/site\/escola-fortalece-vinculos-e-cultura-de-paz-com-projeto-conviva\/","title":{"rendered":"Escola fortalece v\u00ednculos e cultura de paz com projeto Conviva"},"content":{"rendered":"<p>A consolida\u00e7\u00e3o de uma cultura de paz \u00e9 um processo cont\u00ednuo e coletivo que envolve n\u00e3o apenas os educadores, mas tamb\u00e9m os pr\u00f3prios estudantes, as respectivas fam\u00edlias e a comunidade escolar. Esse \u00e9 um compromisso levado a s\u00e9rio pelo Centro de Ensino Fundamental (CEF) 102 Norte, que por meio do projeto Conviva, tem desenvolvido a\u00e7\u00f5es voltadas \u00e0 forma\u00e7\u00e3o humana e cidad\u00e3 dos estudantes, com foco no respeito, na empatia e no fortalecimento das rela\u00e7\u00f5es interpessoais.<\/p>\n<p>Idealizado pela equipe gestora da escola, a iniciativa prop\u00f5e a constru\u00e7\u00e3o de um ambiente escolar mais saud\u00e1vel, seguro e acolhedor, por meio de a\u00e7\u00f5es pedag\u00f3gicas que promovem o respeito \u00e0s diferen\u00e7as, os direitos humanos e o combate ao bullying e \u00e0 discrimina\u00e7\u00e3o.<\/p>\n<p>\u201cO guarda-chuva do projeto s\u00e3o os direitos humanos. A cada bimestre, trabalhamos uma tem\u00e1tica espec\u00edfica, que os professores inter-relacionam com os conte\u00fados em sala. \u00c0s vezes, dois ou tr\u00eas professores se unem para desenvolver um trabalho conjunto\u201d, explica a diretora da escola, Viviane Coelho.<\/p>\n<p>De forma interdisciplinar e formativa, o projeto \u00e9 realizado com atividades planejadas ao longo do ano letivo. Segundo a diretora, a aposta \u00e9 na preven\u00e7\u00e3o e na const\u00e2ncia, em vez de medidas punitivas isoladas. \u201cAcreditamos que a quest\u00e3o punitiva n\u00e3o transforma comportamento, nem pensamento. \u00c9 isso que a gente precisa: transformar pensamentos, formar cidad\u00e3os respeitosos e gentis\u201d, ressalta.<\/p>\n<p><strong>Oficina<\/strong><br \/>\nEntre as a\u00e7\u00f5es j\u00e1 realizadas no escopo do Conviva, destaca-se uma oficina de comunica\u00e7\u00e3o n\u00e3o-violenta, conduzida pela especialista em parentalidade e intelig\u00eancia emocional, Lua Barros. Durante a atividade, os estudantes participaram de din\u00e2micas interativas que os levaram a refletir sobre coopera\u00e7\u00e3o e emo\u00e7\u00f5es como medo, ansiedade e ang\u00fastia.<\/p>\n<p>Em uma das experi\u00eancias, os alunos tentaram comer uma bala com o bra\u00e7o estendido e perceberam que s\u00f3 conseguiam caso se ajudassem mutuamente, refor\u00e7ando a import\u00e2ncia da coletividade.<\/p>\n<p>As atividades s\u00e3o ajustadas para contemplar diferentes idades e os estudantes t\u00eam voz ativa na constru\u00e7\u00e3o do projeto por meio de formul\u00e1rio realizado anualmente.<\/p>\n<p><strong>A\u00e7\u00f5es desenvolvidas<\/strong><br \/>\nA iniciativa do CEF 102 Norte representa uma pr\u00e1tica no fortalecimento da cultura de paz nas escolas. Esse trabalho \u00e9 desenvolvido em rede com diversas entidades governamentais e atores, como as Secretarias de Seguran\u00e7a P\u00fablica (SSP-DF), de Sa\u00fade (SESDF), de Justi\u00e7a e Cidadania (Sejus-DF), e da Mulher (SMDF), al\u00e9m de institui\u00e7\u00f5es do sistema de justi\u00e7a, como o Minist\u00e9rio P\u00fablico do DF e Territ\u00f3rios (MPDFT) e o Tribunal de Justi\u00e7a do DF e Territ\u00f3rios (TJDFT).<\/p>\n<p>A chefe da Assessoria Especial de Cultura de Paz da SEEDF, Ana Beatriz Goldstein, destaca como a pasta vem trabalhando essa integra\u00e7\u00e3o com outros atores p\u00fablicos. \u201cComo em Educa\u00e7\u00e3o ningu\u00e9m faz nada sozinho, a Secretaria de Educa\u00e7\u00e3o vem trabalhando em rede com diversos \u00f3rg\u00e3os e outras Secretarias, em projetos preventivos e interventivos para a promo\u00e7\u00e3o da cultura de paz e da sa\u00fade mental dos estudantes e dos profissionais da Educa\u00e7\u00e3o\u201d, destaca Ana.<\/p>\n<p>Entre as a\u00e7\u00f5es promovidas pela SEEDF, est\u00e3o os programas formativos para educadores com temas como media\u00e7\u00e3o de conflitos, bullying, cyberbullying e comunica\u00e7\u00e3o n\u00e3o-violenta. Neste semestre, a Assessoria Especial da Cultura de Paz da SEEDF realiza a oficina Gest\u00e3o de Incidentes na Perspectiva da Cultura de Paz para todas as 14 coordena\u00e7\u00f5es regionais de ensino (CREs), refor\u00e7ando o compromisso com uma educa\u00e7\u00e3o que prioriza o di\u00e1logo, o cuidado e o respeito m\u00fatuo.<\/p>\n","protected":false},"excerpt":{"rendered":"<p>A consolida\u00e7\u00e3o de uma cultura de paz \u00e9 um processo cont\u00ednuo e coletivo que envolve n\u00e3o apenas os educadores, mas tamb\u00e9m os pr\u00f3prios estudantes, as respectivas fam\u00edlias e a comunidade escolar. Esse \u00e9 um compromisso levado a s\u00e9rio pelo Centro de Ensino Fundamental (CEF) 102 Norte, que por meio do projeto Conviva, tem desenvolvido a\u00e7\u00f5es [&hellip;]<\/p>\n","protected":false},"author":2,"featured_media":352113,"comment_status":"closed","ping_status":"closed","sticky":false,"template":"","format":"standard","meta":{"_acf_changed":false,"footnotes":""},"categories":[161],"tags":[],"class_list":["post-352112","post","type-post","status-publish","format-standard","has-post-thumbnail","hentry","category-quadradinho-em-foco"],"acf":[],"_links":{"self":[{"href":"https:\/\/www.notibras.com\/site\/wp-json\/wp\/v2\/posts\/352112","targetHints":{"allow":["GET"]}}],"collection":[{"href":"https:\/\/www.notibras.com\/site\/wp-json\/wp\/v2\/posts"}],"about":[{"href":"https:\/\/www.notibras.com\/site\/wp-json\/wp\/v2\/types\/post"}],"author":[{"embeddable":true,"href":"https:\/\/www.notibras.com\/site\/wp-json\/wp\/v2\/users\/2"}],"replies":[{"embeddable":true,"href":"https:\/\/www.notibras.com\/site\/wp-json\/wp\/v2\/comments?post=352112"}],"version-history":[{"count":1,"href":"https:\/\/www.notibras.com\/site\/wp-json\/wp\/v2\/posts\/352112\/revisions"}],"predecessor-version":[{"id":352114,"href":"https:\/\/www.notibras.com\/site\/wp-json\/wp\/v2\/posts\/352112\/revisions\/352114"}],"wp:featuredmedia":[{"embeddable":true,"href":"https:\/\/www.notibras.com\/site\/wp-json\/wp\/v2\/media\/352113"}],"wp:attachment":[{"href":"https:\/\/www.notibras.com\/site\/wp-json\/wp\/v2\/media?parent=352112"}],"wp:term":[{"taxonomy":"category","embeddable":true,"href":"https:\/\/www.notibras.com\/site\/wp-json\/wp\/v2\/categories?post=352112"},{"taxonomy":"post_tag","embeddable":true,"href":"https:\/\/www.notibras.com\/site\/wp-json\/wp\/v2\/tags?post=352112"}],"curies":[{"name":"wp","href":"https:\/\/api.w.org\/{rel}","templated":true}]}}