{"id":352118,"date":"2025-04-16T00:17:07","date_gmt":"2025-04-16T03:17:07","guid":{"rendered":"https:\/\/www.notibras.com\/site\/?p=352118"},"modified":"2025-04-16T09:20:02","modified_gmt":"2025-04-16T12:20:02","slug":"feriado-tera-linhas-especiais-e-transporte-publico-gratuito","status":"publish","type":"post","link":"https:\/\/www.notibras.com\/site\/feriado-tera-linhas-especiais-e-transporte-publico-gratuito\/","title":{"rendered":"Feriado ter\u00e1 linhas especiais e transporte p\u00fablico gratuito"},"content":{"rendered":"<p>A frota do transporte p\u00fablico ser\u00e1 refor\u00e7ada por conta dos eventos que v\u00e3o acontecer no Morro da Capelinha, na sexta-feira (18), e na Esplanada dos Minist\u00e9rios, que vai receber shows em celebra\u00e7\u00e3o aos 65 anos de Bras\u00edlia, entre s\u00e1bado (19) e segunda (21). A Secretaria de Transporte e Mobilidade (Semob) vai reativar quatro linhas para os passageiros que forem assistir \u00e0 Via Sacra em Planaltina e aumentar o n\u00famero das viagens dos \u00f4nibus que operam entre as regi\u00f5es administrativas e a Rodovi\u00e1ria do Plano Piloto.<\/p>\n<p>\u201cImportante lembrar que o Programa Vai de Gra\u00e7a ser\u00e1 dos dias 17 a 21 de abril, para que todos possam participar das comemora\u00e7\u00f5es\u201d, ressalta o secret\u00e1rio de Transporte e Mobilidade, Zeno Gon\u00e7alves.<\/p>\n<p>A Secretaria de Transporte e Mobilidade (Semob) vai reativar quatro linhas para os passageiros que forem assistir \u00e0 Via Sacra em Planaltina | Foto: Divulga\u00e7\u00e3o\/Semob-DF<\/p>\n<p><strong>Morro da Capelinha<\/strong><br \/>\nOs moradores do DF que forem participar da Via Sacra no Morro da Capelinha, em Planaltina, v\u00e3o contar com refor\u00e7o de \u00f4nibus. A Semob reativa quatro linhas do transporte p\u00fablico coletivo \u2013 504.2, 504.3, 609.2 e 617.1 \u2013 para que os passageiros possam se deslocar at\u00e9 o local.<\/p>\n<p>A 504.2 e a 504.3 t\u00eam origem em Sobradinho II, passando por Mestre D\u2019armas e pela DF-230, respectivamente, at\u00e9 o Morro da Capelinha, enquanto a 617.1, sai da Rodovi\u00e1ria do Plano Piloto (box 3 da plataforma superior), passando pelo Eixo Norte.<\/p>\n<p>Os passageiros tamb\u00e9m podem ter acesso \u00e0 circular 609.2, que tem origem na Rodovi\u00e1ria de Planaltina indo at\u00e9 o local do evento.<\/p>\n<p>\u201cTodas a linhas das demais regi\u00f5es administrativas com destino \u00e0 Rodovi\u00e1ria do Plano Piloto tamb\u00e9m ser\u00e3o refor\u00e7adas. Do terminal, os passageiros podem fazer integra\u00e7\u00e3o com a linha 617.1 para chegar \u00e0 festividade\u201d, acrescenta o secret\u00e1rio Zeno Gon\u00e7alves.<\/p>\n<p>As linhas v\u00e3o funcionar entre 10h e 22h, e as sa\u00eddas v\u00e3o acontecer de acordo com a demanda.<\/p>\n<p><strong>Esplanada dos Minist\u00e9rios<\/strong><br \/>\nAs linhas de \u00f4nibus do transporte p\u00fablico v\u00e3o ser refor\u00e7adas para quem for aos eventos da Esplanada dos Minist\u00e9rios em comemora\u00e7\u00e3o ao anivers\u00e1rio de 65 anos de Bras\u00edlia. As atra\u00e7\u00f5es acontecem entre s\u00e1bado e segunda-feira, das 14h \u00e0s 2h.<\/p>\n<p>O aumento do n\u00famero de viagens vai acontecer, de acordo com a demanda, nas linhas que fazem o trajeto das regi\u00f5es administrativas para a Rodovi\u00e1ria do Plano Piloto. O refor\u00e7o vai acontecer at\u00e9 as tr\u00eas horas das manh\u00e3s de domingo, segunda e ter\u00e7a-feira.<\/p>\n<p><strong>Opera\u00e7\u00e3o<\/strong><br \/>\nNa quinta (17), os \u00f4nibus v\u00e3o funcionar com os hor\u00e1rios normais, de dia \u00fatil. Na sexta (18), no domingo (20) e na segunda (21), os coletivos v\u00e3o operar de acordo com a tabela de domingos e feriados. J\u00e1 no s\u00e1bado (19), os hor\u00e1rios ser\u00e3o mantidos, respeitando a tabela j\u00e1 vigente de s\u00e1bado.<\/p>\n<p>Zebrinha para o Zool\u00f3gico<br \/>\nA linha do Zebrinha 023.1, que faz o percurso entre o Terminal da Asa Sul (TAS) para o Zool\u00f3gico, com sa\u00eddas a cada 30 minutos, entre 8h e 17h30, vai funcionar de quinta a segunda. O servi\u00e7o permite a integra\u00e7\u00e3o com todas as linhas que operam no TAS, como as provenientes de Sobradinho e Planaltina, al\u00e9m do metr\u00f4.<\/p>\n<p><strong>Programa\u00e7\u00e3o geral<\/strong><\/p>\n<p>\u00b7 Quinta (17) \u2013 tabela de dia \u00fatil<br \/>\n\u00b7 Sexta (18) \u2013 tabela de domingo e feriado<br \/>\n\u00b7 S\u00e1bado (19) \u2013 tabela de s\u00e1bado<br \/>\n\u00b7 Domingo (20) \u2013 tabela de domingo e feriado<br \/>\n\u00b7 Segunda (21) \u2013 tabela de domingo e feriado<\/p>\n<p>Refor\u00e7o para a Esplanada dos Minist\u00e9rios \u2013 S\u00e1bado (19), Domingo (20) e Segunda (21)<\/p>\n<p>Aumento de viagens, de acordo com a demanda de passageiros nas linhas que operam entre as Regi\u00f5es Administrativas e a Esplanada dos Minist\u00e9rios. Opera\u00e7\u00e3o vai at\u00e9 as 3 horas da manh\u00e3.<\/p>\n<p>Morro da Capelinha \u2013 Sexta-feira (18)<\/p>\n<p>\u00b7 504.2 \u2013 Sobradinho II\/Sobradinho QD 01 -BR 020\/Mestre Darmas\/Morro da Capelinha<br \/>\n\u00b7 504.3 \u2013 Sobradinho II\/Sobradinho\/DF 230\/Morro da Capelinha<br \/>\n\u00b7 609.2 \u2013 Terminal de Planaltina\/Morro da Capelinha<br \/>\n\u00b7 617.1 \u2013 Rodovi\u00e1ria do Plano Piloto\/Eixo Norte\/Morro da Capelinha<\/p>\n<p><strong>Refor\u00e7o<\/strong><br \/>\nTodas a linhas das demais regi\u00f5es administrativas com destino \u00e0 Rodovi\u00e1ria do Plano Piloto tamb\u00e9m ser\u00e3o refor\u00e7adas. Passageiros podem fazer integra\u00e7\u00e3o com a linha 617.1 para chegar \u00e0 festividade.<\/p>\n","protected":false},"excerpt":{"rendered":"<p>A frota do transporte p\u00fablico ser\u00e1 refor\u00e7ada por conta dos eventos que v\u00e3o acontecer no Morro da Capelinha, na sexta-feira (18), e na Esplanada dos Minist\u00e9rios, que vai receber shows em celebra\u00e7\u00e3o aos 65 anos de Bras\u00edlia, entre s\u00e1bado (19) e segunda (21). A Secretaria de Transporte e Mobilidade (Semob) vai reativar quatro linhas para [&hellip;]<\/p>\n","protected":false},"author":2,"featured_media":352119,"comment_status":"closed","ping_status":"closed","sticky":false,"template":"","format":"standard","meta":{"_acf_changed":false,"footnotes":""},"categories":[161],"tags":[],"class_list":["post-352118","post","type-post","status-publish","format-standard","has-post-thumbnail","hentry","category-quadradinho-em-foco"],"acf":[],"_links":{"self":[{"href":"https:\/\/www.notibras.com\/site\/wp-json\/wp\/v2\/posts\/352118","targetHints":{"allow":["GET"]}}],"collection":[{"href":"https:\/\/www.notibras.com\/site\/wp-json\/wp\/v2\/posts"}],"about":[{"href":"https:\/\/www.notibras.com\/site\/wp-json\/wp\/v2\/types\/post"}],"author":[{"embeddable":true,"href":"https:\/\/www.notibras.com\/site\/wp-json\/wp\/v2\/users\/2"}],"replies":[{"embeddable":true,"href":"https:\/\/www.notibras.com\/site\/wp-json\/wp\/v2\/comments?post=352118"}],"version-history":[{"count":1,"href":"https:\/\/www.notibras.com\/site\/wp-json\/wp\/v2\/posts\/352118\/revisions"}],"predecessor-version":[{"id":352120,"href":"https:\/\/www.notibras.com\/site\/wp-json\/wp\/v2\/posts\/352118\/revisions\/352120"}],"wp:featuredmedia":[{"embeddable":true,"href":"https:\/\/www.notibras.com\/site\/wp-json\/wp\/v2\/media\/352119"}],"wp:attachment":[{"href":"https:\/\/www.notibras.com\/site\/wp-json\/wp\/v2\/media?parent=352118"}],"wp:term":[{"taxonomy":"category","embeddable":true,"href":"https:\/\/www.notibras.com\/site\/wp-json\/wp\/v2\/categories?post=352118"},{"taxonomy":"post_tag","embeddable":true,"href":"https:\/\/www.notibras.com\/site\/wp-json\/wp\/v2\/tags?post=352118"}],"curies":[{"name":"wp","href":"https:\/\/api.w.org\/{rel}","templated":true}]}}