{"id":352181,"date":"2025-04-17T09:36:06","date_gmt":"2025-04-17T12:36:06","guid":{"rendered":"https:\/\/www.notibras.com\/site\/?p=352181"},"modified":"2025-04-17T10:40:37","modified_gmt":"2025-04-17T13:40:37","slug":"cruz-da-primeira-missa-no-brasil-vem-para-o-aniversario-da-capital","status":"publish","type":"post","link":"https:\/\/www.notibras.com\/site\/cruz-da-primeira-missa-no-brasil-vem-para-o-aniversario-da-capital\/","title":{"rendered":"Cruz da primeira missa no Brasil vem para o anivers\u00e1rio da capital"},"content":{"rendered":"<p>As comemora\u00e7\u00f5es pelos 65 anos de Bras\u00edlia v\u00e3o ficar ainda mais especiais. \u00c9 que a cruz usada na primeira missa celebrada no Brasil, em 1500, est\u00e1 em peregrina\u00e7\u00e3o por cidades portuguesas e brasileiras e chegar\u00e1 \u00e0 capital federal exatamente na data do anivers\u00e1rio da cidade, na pr\u00f3xima segunda-feira (21).<\/p>\n<p>A cruz ficar\u00e1 em Bras\u00edlia por dois dias. Na segunda-feira, \u00e0s 10h, ela estar\u00e1 presente na missa pelo jubileu da arquidiocese e pelo anivers\u00e1rio da capital, na Catedral, presidida pelo cardeal Paulo Cezar Costa. Depois, a partir das 11h, o artefato ficar\u00e1 em exposi\u00e7\u00e3o tamb\u00e9m na Catedral.<\/p>\n<p>Na ter\u00e7a-feira (22), a cruz ser\u00e1 levada \u00e0 sede da Confer\u00eancia Nacional dos Bispos do Brasil (CNBB), \u00e0s 8h. \u00c0s 9h, haver\u00e1 uma sess\u00e3o solene no Congresso Nacional, com lan\u00e7amento do selo comemorativo do jubileu dos 525 anos da primeira missa no Brasil. \u00c0s 12h, o cardeal Paulo Cezar Costa celebra uma nova missa na Catedral, com a frente parlamentar cat\u00f3lica. Na quarta-feira (23), a cruz segue para Bel\u00e9m (PA).<\/p>\n<p>\u201cNo dia 21, a gente comemora os 65 anos de Bras\u00edlia, o jubileu da arquidiocese de Bras\u00edlia e, no dia seguinte, o descobrimento do Brasil. Ent\u00e3o, essa cruz est\u00e1 no lugar certo, no dia certo e na celebra\u00e7\u00e3o certa. Esse pa\u00eds, que teve a primeira missa em 1500, hoje tem como capital a nossa bela Bras\u00edlia e, de l\u00e1 para c\u00e1, a f\u00e9 que fundou esse pa\u00eds permanece. A gente continua celebrando a f\u00e9 do povo com muito respeito, com muita toler\u00e2ncia, e a nossa cidade \u00e9 a s\u00edntese de tudo isso. Vai ser uma celebra\u00e7\u00e3o muito significativa, com esse elemento hist\u00f3rico e cultural\u201d, exaltou Kildare Meira, subsecret\u00e1rio de Assuntos Constitucionais da Casa Civil do DF.<\/p>\n<p>\u201cEssa cruz peregrina relembra para n\u00f3s que, na origem do nosso pa\u00eds, est\u00e1 a experi\u00eancia da f\u00e9. Relembra para n\u00f3s que a religi\u00e3o est\u00e1 desde a origem do nosso pa\u00eds e que foi fazendo hist\u00f3ria nesse imenso Brasil, que foi fazendo hist\u00f3ria na nossa popula\u00e7\u00e3o, na nossa cultura. Ent\u00e3o, \u00e9 um momento bonito, \u00e9 um momento de celebrar, \u00e9 um momento de rememorar\u201d, emendou o arcebispo de Bras\u00edlia, cardeal Paulo Cezar Costa.<\/p>\n<p><strong>Jubileu<\/strong><br \/>\nA peregrina\u00e7\u00e3o integra a programa\u00e7\u00e3o do evento Brasil com F\u00e9 \u2013 525 anos da Primeira Missa no Brasil, Terra de Santa Cruz, que comemora o jubileu da primeira missa em territ\u00f3rio brasileiro, celebrada em 26 de abril de 1500. A cruz fica em exposi\u00e7\u00e3o permanente na S\u00e9 de Braga, igreja mais antiga da Pen\u00ednsula Ib\u00e9rica, aberta em 1089. O artefato deixou a cidade em 12 de abril e, ainda em Portugal, passou por F\u00e1tima, Cascais, Almada e Lisboa.<\/p>\n<p>A chegada ao Brasil ocorreu nesta ter\u00e7a-feira (15), em S\u00e3o Paulo. Antes de vir a Bras\u00edlia, ela passar\u00e1 por Cachoeira Paulista, Aparecida e Guaratinguet\u00e1, em S\u00e3o Paulo; Porto Alegre (RS); e Rio de Janeiro e Maric\u00e1 (RJ). Depois da capital federal, ser\u00e1 a vez de Bel\u00e9m (PA) e Salvador (BA). Na data exata do anivers\u00e1rio de 525 anos, a cruz visitar\u00e1, tamb\u00e9m na Bahia, Porto Seguro e Santa Cruz Cabr\u00e1lia, local da chegada dos portugueses ao Brasil e onde foi celebrada a primeira missa. No dia 27, o artefato retorna a Braga.<\/p>\n","protected":false},"excerpt":{"rendered":"<p>As comemora\u00e7\u00f5es pelos 65 anos de Bras\u00edlia v\u00e3o ficar ainda mais especiais. \u00c9 que a cruz usada na primeira missa celebrada no Brasil, em 1500, est\u00e1 em peregrina\u00e7\u00e3o por cidades portuguesas e brasileiras e chegar\u00e1 \u00e0 capital federal exatamente na data do anivers\u00e1rio da cidade, na pr\u00f3xima segunda-feira (21). A cruz ficar\u00e1 em Bras\u00edlia por [&hellip;]<\/p>\n","protected":false},"author":2,"featured_media":352184,"comment_status":"closed","ping_status":"closed","sticky":false,"template":"","format":"standard","meta":{"_acf_changed":false,"footnotes":""},"categories":[161],"tags":[],"class_list":["post-352181","post","type-post","status-publish","format-standard","has-post-thumbnail","hentry","category-quadradinho-em-foco"],"acf":[],"_links":{"self":[{"href":"https:\/\/www.notibras.com\/site\/wp-json\/wp\/v2\/posts\/352181","targetHints":{"allow":["GET"]}}],"collection":[{"href":"https:\/\/www.notibras.com\/site\/wp-json\/wp\/v2\/posts"}],"about":[{"href":"https:\/\/www.notibras.com\/site\/wp-json\/wp\/v2\/types\/post"}],"author":[{"embeddable":true,"href":"https:\/\/www.notibras.com\/site\/wp-json\/wp\/v2\/users\/2"}],"replies":[{"embeddable":true,"href":"https:\/\/www.notibras.com\/site\/wp-json\/wp\/v2\/comments?post=352181"}],"version-history":[{"count":1,"href":"https:\/\/www.notibras.com\/site\/wp-json\/wp\/v2\/posts\/352181\/revisions"}],"predecessor-version":[{"id":352185,"href":"https:\/\/www.notibras.com\/site\/wp-json\/wp\/v2\/posts\/352181\/revisions\/352185"}],"wp:featuredmedia":[{"embeddable":true,"href":"https:\/\/www.notibras.com\/site\/wp-json\/wp\/v2\/media\/352184"}],"wp:attachment":[{"href":"https:\/\/www.notibras.com\/site\/wp-json\/wp\/v2\/media?parent=352181"}],"wp:term":[{"taxonomy":"category","embeddable":true,"href":"https:\/\/www.notibras.com\/site\/wp-json\/wp\/v2\/categories?post=352181"},{"taxonomy":"post_tag","embeddable":true,"href":"https:\/\/www.notibras.com\/site\/wp-json\/wp\/v2\/tags?post=352181"}],"curies":[{"name":"wp","href":"https:\/\/api.w.org\/{rel}","templated":true}]}}