{"id":352186,"date":"2025-04-17T00:56:10","date_gmt":"2025-04-17T03:56:10","guid":{"rendered":"https:\/\/www.notibras.com\/site\/?p=352186"},"modified":"2025-04-17T10:57:48","modified_gmt":"2025-04-17T13:57:48","slug":"gama-e-santa-maria-ganham-dois-campos-esportivos-sinteticos","status":"publish","type":"post","link":"https:\/\/www.notibras.com\/site\/gama-e-santa-maria-ganham-dois-campos-esportivos-sinteticos\/","title":{"rendered":"Gama e Santa Maria ganham dois campos esportivos sint\u00e9ticos"},"content":{"rendered":"<p>Gama e Santa Maria ganharam dois campos sint\u00e9ticos nesta quarta-feira (16), levando mais seguran\u00e7a, acessibilidade e qualidade na pr\u00e1tica esportiva para essas regi\u00f5es. Um deles, constru\u00eddo do zero, est\u00e1 localizado na Quadra 212\/312 de Santa Maria Norte, onde antes era um ponto de descarte irregular de lixo; o outro, reformado, fica em Engenho das Lajes, no Gama, na divisa do Distrito Federal com Goi\u00e1s.<\/p>\n<p>A governadora em exerc\u00edcio Celina Le\u00e3o entregou kits esportivos para escolinhas que atendem crian\u00e7as e adolescentes nos espa\u00e7os e destacou a import\u00e2ncia de ampliar o acesso da popula\u00e7\u00e3o a equipamentos de qualidade e adequados para a pr\u00e1tica esportiva.<\/p>\n<p>\u201cA nossa atividade \u00e9 sempre cuidar do esporte e dos nossos atletas. A cada real que investimos em esporte, a gente economiza na seguran\u00e7a p\u00fablica, sa\u00fade p\u00fablica, a gente traz cidadania. Quando chega um campo assim, todo reformado, a comunidade, que muitas vezes tinha medo de sair de casa pela falta de um equipamento p\u00fablico, se re\u00fane para celebrar. O nosso governo reformou mais de 100 campos sint\u00e9ticos e construiu mais de 50 do zero. At\u00e9 o final da gest\u00e3o, vamos ter passado por todos esses espa\u00e7os p\u00fablicos\u201d, afirmou Celina Le\u00e3o.<\/p>\n<p>Os espa\u00e7os \u2013 que atendem crian\u00e7as, jovens e adultos \u2013 foram reestruturados com recursos p\u00fablicos e, em um dos casos, com participa\u00e7\u00e3o de alunos do programa RenovaDF, iniciativa do Governo do Distrito Federal (GDF) para capacitar alunos enquanto recuperam equipamentos p\u00fablicos da cidade.<\/p>\n<p>\u201cO campo de Santa Maria foi feito com apoio da Novacap [Companhia Urbanizadora da Nova Capital], que trabalhou na execu\u00e7\u00e3o, gerando oportunidade para quem usa esse espa\u00e7o. Quando a gente fala que o governo \u00e9 integrado, \u00e9 exatamente isso. A Secretaria de Esporte e Lazer [SEL-DF] est\u00e1 alinhada com outras pastas para tirar os projetos do papel e dar a devida manuten\u00e7\u00e3o tamb\u00e9m\u201d, acrescentou o secret\u00e1rio de Esporte e Lazer, Renato Junqueira.<\/p>\n<p>Antes mesmo da inaugura\u00e7\u00e3o oficial, Yasmin Victoria Lima, de 14 anos, j\u00e1 estava testando o campo novinho em folha. \u201cNossa, ficou \u00f3timo\u201d, elogiou a aluna. \u201cEu jogo bola desde os meus 8 anos. O futebol \u00e9 tudo para mim. Quando estou passando por algo dif\u00edcil ou preciso esquecer alguma coisa, corro para o futebol. Agora a gente at\u00e9 se machuca menos. Muito legal essa entrega\u201d.<\/p>\n<p><strong>Santa Maria<\/strong><br \/>\nO terreno onde antes funcionava um ponto de descarte irregular de lixo, na Quadra 212\/312 de Santa Maria Norte, agora abriga um campo sint\u00e9tico futset. O servi\u00e7o foi feito por meio de contrato com a Novacap, com investimento de R$ 1.453.003,42 provenientes de emenda parlamentar da deputada distrital Jaqueline Silva.<\/p>\n<p>Com \u00e1rea total de 1.734 m\u00b2, o campo recebeu grama sint\u00e9tica, sistema de drenagem, traves, alambrado e acessibilidade. \u201cN\u00e3o conseguimos nem imaginar lixo sendo descartado aqui quando a gente v\u00ea uma infraestrutura dessa, toda moderna, com cal\u00e7adas e arquibancada tamb\u00e9m. Fico muito feliz com mais essa entrega\u201d, defendeu o secret\u00e1rio de Esporte e Lazer, Renato Junqueira.<\/p>\n<p>O presidente do Instituto Crian\u00e7a Santa Maria, C\u00e9sar da Concei\u00e7\u00e3o, ressalta a relev\u00e2ncia do equipamento p\u00fablico na continuidade do trabalho volunt\u00e1rio da institui\u00e7\u00e3o: \u201cEsse campo, na verdade, n\u00e3o existia \u2013 era barro. E hoje temos a oportunidade de dar um local maravilhoso para eles treinarem. O esporte transforma vidas. S\u00e3o dez escolinhas, cada uma com aproximadamente 200 alunos. Imagine s\u00f3 a grandiosidade do impacto dessa entrega\u201d.<\/p>\n<p><strong>Engenho das Lajes<\/strong><br \/>\nJ\u00e1 no Gama, o novo campo beneficia a crian\u00e7ada que mora no Engenho das Lajes. Por l\u00e1, a iniciativa vai al\u00e9m da infraestrutura: a obra foi executada pelo RenovaDF, que une qualifica\u00e7\u00e3o profissional e reforma de espa\u00e7os p\u00fablicos. Ao todo, 125 alunos participaram das atividades de manuten\u00e7\u00e3o do local.<\/p>\n<p>O programa visa ampliar oportunidades de emprego por meio da capacita\u00e7\u00e3o t\u00e9cnica. \u201cOs alunos selecionados s\u00e3o, em sua maioria, pessoas desempregadas e em situa\u00e7\u00e3o de vulnerabilidade social\u201d, explicou a Danielle Amaral, subsecret\u00e1ria de Qualifica\u00e7\u00e3o Profissional da Secretaria de Desenvolvimento Econ\u00f4mico, Trabalho e Renda (Sedet-DF). \u201cCom o programa, eles recebem toda uma capacita\u00e7\u00e3o e qualifica\u00e7\u00e3o profissional na \u00e1rea da constru\u00e7\u00e3o civil, para que consigam futuramente a empregabilidade\u201d.<\/p>\n<p>O campinho de Engenho das Lajes, com 50 metros de comprimento por 30 metros de largura, passou por reforma do alambrado, troca completa do gramado sint\u00e9tico, marca\u00e7\u00e3o de piso, aplica\u00e7\u00e3o de areia e borracha, pintura, serralheria e reforma das traves.<\/p>\n<p>\u201cO mais bonito do Renova \u00e9 o fato de o trabalhador fazer e ele mesmo poder usar aquilo que se dedicou. Esse \u00e9 um programa muito especial porque renova n\u00e3o s\u00f3 os nossos campos sint\u00e9ticos e espa\u00e7os p\u00fablicos, mas a esperan\u00e7a\u201d, afirmou Celina Le\u00e3o.<\/p>\n<p>Para a administradora do Gama, Joseane Feitosa, o trabalho integrado do GDF traz mais infraestrutura para a pr\u00e1tica de esportes e atividades comunit\u00e1rias e, consequentemente, ajuda a promover o bem-estar e o lazer da popula\u00e7\u00e3o da cidade. \u201cA gente est\u00e1 muito feliz. O governo vem trabalhando com a\u00e7\u00f5es conjuntas, ouvindo as necessidades da comunidade. Essa reforma \u00e9 resultado desse esfor\u00e7o, que une profissionaliza\u00e7\u00e3o e benef\u00edcios para a comunidade\u201d, apontou.<\/p>\n","protected":false},"excerpt":{"rendered":"<p>Gama e Santa Maria ganharam dois campos sint\u00e9ticos nesta quarta-feira (16), levando mais seguran\u00e7a, acessibilidade e qualidade na pr\u00e1tica esportiva para essas regi\u00f5es. Um deles, constru\u00eddo do zero, est\u00e1 localizado na Quadra 212\/312 de Santa Maria Norte, onde antes era um ponto de descarte irregular de lixo; o outro, reformado, fica em Engenho das Lajes, [&hellip;]<\/p>\n","protected":false},"author":2,"featured_media":352187,"comment_status":"closed","ping_status":"closed","sticky":false,"template":"","format":"standard","meta":{"_acf_changed":false,"footnotes":""},"categories":[161],"tags":[],"class_list":["post-352186","post","type-post","status-publish","format-standard","has-post-thumbnail","hentry","category-quadradinho-em-foco"],"acf":[],"_links":{"self":[{"href":"https:\/\/www.notibras.com\/site\/wp-json\/wp\/v2\/posts\/352186","targetHints":{"allow":["GET"]}}],"collection":[{"href":"https:\/\/www.notibras.com\/site\/wp-json\/wp\/v2\/posts"}],"about":[{"href":"https:\/\/www.notibras.com\/site\/wp-json\/wp\/v2\/types\/post"}],"author":[{"embeddable":true,"href":"https:\/\/www.notibras.com\/site\/wp-json\/wp\/v2\/users\/2"}],"replies":[{"embeddable":true,"href":"https:\/\/www.notibras.com\/site\/wp-json\/wp\/v2\/comments?post=352186"}],"version-history":[{"count":1,"href":"https:\/\/www.notibras.com\/site\/wp-json\/wp\/v2\/posts\/352186\/revisions"}],"predecessor-version":[{"id":352188,"href":"https:\/\/www.notibras.com\/site\/wp-json\/wp\/v2\/posts\/352186\/revisions\/352188"}],"wp:featuredmedia":[{"embeddable":true,"href":"https:\/\/www.notibras.com\/site\/wp-json\/wp\/v2\/media\/352187"}],"wp:attachment":[{"href":"https:\/\/www.notibras.com\/site\/wp-json\/wp\/v2\/media?parent=352186"}],"wp:term":[{"taxonomy":"category","embeddable":true,"href":"https:\/\/www.notibras.com\/site\/wp-json\/wp\/v2\/categories?post=352186"},{"taxonomy":"post_tag","embeddable":true,"href":"https:\/\/www.notibras.com\/site\/wp-json\/wp\/v2\/tags?post=352186"}],"curies":[{"name":"wp","href":"https:\/\/api.w.org\/{rel}","templated":true}]}}