{"id":352225,"date":"2025-04-18T00:02:42","date_gmt":"2025-04-18T03:02:42","guid":{"rendered":"https:\/\/www.notibras.com\/site\/?p=352225"},"modified":"2025-04-18T08:04:58","modified_gmt":"2025-04-18T11:04:58","slug":"desintrusao-da-terra-indigena-arariboia-gera-956-mil-em-infracoes","status":"publish","type":"post","link":"https:\/\/www.notibras.com\/site\/desintrusao-da-terra-indigena-arariboia-gera-956-mil-em-infracoes\/","title":{"rendered":"Desintrus\u00e3o da Terra Ind\u00edgena Arariboia gera 956 mil em infra\u00e7\u00f5es"},"content":{"rendered":"<p>A opera\u00e7\u00e3o realizada pelo governo federal para desintrus\u00e3o da Terra Ind\u00edgena Arab\u00f3ia, no Maranh\u00e3o, gerou R$ 956 mil em autos de infra\u00e7\u00e3o, a retirada de cercas ilegais e a elabora\u00e7\u00e3o de 66 notifica\u00e7\u00f5es para regulariza\u00e7\u00e3o de criadores de gado que atuam na regi\u00e3o.<\/p>\n<p>Ao todo, foram 382 a\u00e7\u00f5es realizadas nesta semana. As medidas s\u00e3o coordenadas pela Casa Civil da Presid\u00eancia da Rep\u00fablica e envolvem uma for\u00e7a-tarefa de \u00f3rg\u00e3os federais.<\/p>\n<p>A opera\u00e7\u00e3o come\u00e7ou em fevereiro deste ano e cumpre uma determina\u00e7\u00e3o do Supremo Tribunal Federal (STF) para retirada de n\u00e3o ind\u00edgenas do territ\u00f3rio, que \u00e9 ocupado pelos povos Guajajara e Aw\u00e1.<\/p>\n<p>Al\u00e9m da Casa Civil, a Funda\u00e7\u00e3o Nacional dos Povos Ind\u00edgenas (Funai), o Instituto Brasileiro do Meio Ambiente e dos Recursos Naturais Renov\u00e1veis (Ibama) e o Minist\u00e9rio dos Povos Ind\u00edgenas participam da opera\u00e7\u00e3o.<\/p>\n<p>O plano apresentado pelo governo federal para desocupa\u00e7\u00e3o da Terra Ind\u00edgena Arab\u00f3ia foi aprovado no ano passado pelo STF.<\/p>\n<p>A discuss\u00e3o chegou ao Supremo por meio de uma a\u00e7\u00e3o apresentada pela Articula\u00e7\u00e3o dos Povos Ind\u00edgenas do Brasil (Apib) para obrigar a ado\u00e7\u00e3o de medidas para desocupa\u00e7\u00e3o dos territ\u00f3rios durante o governo de Jair Bolsonaro.<\/p>\n","protected":false},"excerpt":{"rendered":"<p>A opera\u00e7\u00e3o realizada pelo governo federal para desintrus\u00e3o da Terra Ind\u00edgena Arab\u00f3ia, no Maranh\u00e3o, gerou R$ 956 mil em autos de infra\u00e7\u00e3o, a retirada de cercas ilegais e a elabora\u00e7\u00e3o de 66 notifica\u00e7\u00f5es para regulariza\u00e7\u00e3o de criadores de gado que atuam na regi\u00e3o. Ao todo, foram 382 a\u00e7\u00f5es realizadas nesta semana. As medidas s\u00e3o coordenadas [&hellip;]<\/p>\n","protected":false},"author":2,"featured_media":352226,"comment_status":"closed","ping_status":"closed","sticky":false,"template":"","format":"standard","meta":{"_acf_changed":false,"footnotes":""},"categories":[165],"tags":[],"class_list":["post-352225","post","type-post","status-publish","format-standard","has-post-thumbnail","hentry","category-nordeste"],"acf":[],"_links":{"self":[{"href":"https:\/\/www.notibras.com\/site\/wp-json\/wp\/v2\/posts\/352225","targetHints":{"allow":["GET"]}}],"collection":[{"href":"https:\/\/www.notibras.com\/site\/wp-json\/wp\/v2\/posts"}],"about":[{"href":"https:\/\/www.notibras.com\/site\/wp-json\/wp\/v2\/types\/post"}],"author":[{"embeddable":true,"href":"https:\/\/www.notibras.com\/site\/wp-json\/wp\/v2\/users\/2"}],"replies":[{"embeddable":true,"href":"https:\/\/www.notibras.com\/site\/wp-json\/wp\/v2\/comments?post=352225"}],"version-history":[{"count":1,"href":"https:\/\/www.notibras.com\/site\/wp-json\/wp\/v2\/posts\/352225\/revisions"}],"predecessor-version":[{"id":352227,"href":"https:\/\/www.notibras.com\/site\/wp-json\/wp\/v2\/posts\/352225\/revisions\/352227"}],"wp:featuredmedia":[{"embeddable":true,"href":"https:\/\/www.notibras.com\/site\/wp-json\/wp\/v2\/media\/352226"}],"wp:attachment":[{"href":"https:\/\/www.notibras.com\/site\/wp-json\/wp\/v2\/media?parent=352225"}],"wp:term":[{"taxonomy":"category","embeddable":true,"href":"https:\/\/www.notibras.com\/site\/wp-json\/wp\/v2\/categories?post=352225"},{"taxonomy":"post_tag","embeddable":true,"href":"https:\/\/www.notibras.com\/site\/wp-json\/wp\/v2\/tags?post=352225"}],"curies":[{"name":"wp","href":"https:\/\/api.w.org\/{rel}","templated":true}]}}