{"id":352256,"date":"2025-04-18T10:22:27","date_gmt":"2025-04-18T13:22:27","guid":{"rendered":"https:\/\/www.notibras.com\/site\/?p=352256"},"modified":"2025-04-18T10:22:27","modified_gmt":"2025-04-18T13:22:27","slug":"aclenio-traste-da-familia-vira-cego-para-mendigar-no-setor-comercial-sul","status":"publish","type":"post","link":"https:\/\/www.notibras.com\/site\/aclenio-traste-da-familia-vira-cego-para-mendigar-no-setor-comercial-sul\/","title":{"rendered":"Acl\u00eanio, traste da fam\u00edlia, &#8216;vira cego&#8217; para mendigar no Setor Comercial Sul"},"content":{"rendered":"<p>Se voc\u00ea acredita ou n\u00e3o em carma, n\u00e3o importa, mas parente n\u00e3o se escolhe. O jeito, ent\u00e3o, \u00e9 aceitar e pronto. Se bem que, n\u00e3o raro, d\u00e1 vontade de jogar o traste fora.<\/p>\n<p>Tio Acl\u00eanio \u00e9 um desses que a fam\u00edlia tenta evitar, mas nem sempre d\u00e1 conta. O sujeito vai muito al\u00e9m daquelas piadinhas infames tipo &#8220;\u00c9 pra ver ou pra comer?&#8221;, quando descobre que a sobremesa \u00e9 pav\u00ea. Por conta disso, s\u00e3o raros os que ainda for\u00e7am um riso para n\u00e3o causar pendengas desnecess\u00e1rias.<\/p>\n<p>Outra coisa que soube recentemente \u00e9 que o mala sem al\u00e7a tem sido visto com certa frequ\u00eancia no Setor Comercial Sul. Incr\u00e9dula diante de coment\u00e1rios a respeito do motivo que levaram o homem a se deslocar quase que diariamente para l\u00e1, tive que olhar com meus pr\u00f3prios olhos. N\u00e3o era poss\u00edvel que tio Acl\u00eanio tivesse chegado a tal ponto. Insanidade? Sei l\u00e1! Entretanto, n\u00e3o \u00e9 que era mesmo verdade?<\/p>\n<p>Pois bem, l\u00e1 fui eu na quinta-feira passada at\u00e9 a afamada regi\u00e3o abarrotada de gente. Rodei, rodei, rodei, at\u00e9 que me deparei com algo inacredit\u00e1vel. Meu tio, vestido de mendigo, encostado numa marquise, m\u00e3o estendida, pedia esmola para os transeuntes. Mas n\u00e3o pense voc\u00ea que era um mendigo qualquer, pois o safado estava com \u00f3culos redondos escuros, fingindo-se de cego.<\/p>\n<p>A cada moeda recebida, tio Acl\u00eanio dava um sorriso com aqueles dentes enegrecidos, possivelmente pintados com l\u00e1pis de olho. Alguns passantes, talvez para facilitar as coisas para o ceguinho, depositavam a esmola diretamente na latinha ao lado. E se fosse alguma nota gra\u00fada, eis que meu parente tratava de peg\u00e1-la e enfi\u00e1-la no bolso da cal\u00e7a esfarrapada.<\/p>\n<p>Inconformada com a situa\u00e7\u00e3o, parei diante do farsante, que levou alguns segundos para me reconhecer. Ele abaixou os \u00f3culos, olhou para os lados, me encarou e fez cara de poucos amigos.<\/p>\n<p>\u2014 Ah, n\u00e3o, Maria L\u00facia!<\/p>\n<p>\u2014 Ah, n\u00e3o, o qu\u00ea, tio?<\/p>\n<p>\u2014 V\u00ea se arruma outro ponto, pois este j\u00e1 \u00e9 meu!<\/p>\n<p>&#8230;&#8230;&#8230;&#8230;&#8230;&#8230;&#8230;.<\/p>\n<p><strong>Eduardo Mart\u00ednez \u00e9 autor do livro 57 Contos e Cr\u00f4nicas por um Autor Muito Velho\u2019<\/strong><\/p>\n<p>Compre aqui\u00a0<span class=\"x19la9d6 x1fc57z9 x6ikm8r x10wlt62 x19co3pv x1g5zs5t xfibh0p xiy17q3 x1xsqp64 x1lkfr7t xexx8yu x4uap5 x18d9i69 xkhd6sd\"><span class=\"xrtxmta x1bhl96m\"><img decoding=\"async\" class=\"emoji\" role=\"img\" draggable=\"false\" src=\"https:\/\/s.w.org\/images\/core\/emoji\/15.0.3\/svg\/1f447-1f3ff.svg\" alt=\"&#x1f447;&#x1f3ff;\" \/><\/span><\/span><\/p>\n<p><a href=\"https:\/\/www.joanineditora.com.br\/57-contos-e-cronicas-por-um-autor-muito-velho\">https:\/\/www.joanineditora.com.br\/57-contos-e-cronicas-por-um-autor-muito-velho<\/a><\/p>\n","protected":false},"excerpt":{"rendered":"<p>Se voc\u00ea acredita ou n\u00e3o em carma, n\u00e3o importa, mas parente n\u00e3o se escolhe. O jeito, ent\u00e3o, \u00e9 aceitar e pronto. Se bem que, n\u00e3o raro, d\u00e1 vontade de jogar o traste fora. Tio Acl\u00eanio \u00e9 um desses que a fam\u00edlia tenta evitar, mas nem sempre d\u00e1 conta. O sujeito vai muito al\u00e9m daquelas piadinhas [&hellip;]<\/p>\n","protected":false},"author":2,"featured_media":352257,"comment_status":"closed","ping_status":"closed","sticky":false,"template":"","format":"standard","meta":{"_acf_changed":false,"footnotes":""},"categories":[161],"tags":[],"class_list":["post-352256","post","type-post","status-publish","format-standard","has-post-thumbnail","hentry","category-quadradinho-em-foco"],"acf":[],"_links":{"self":[{"href":"https:\/\/www.notibras.com\/site\/wp-json\/wp\/v2\/posts\/352256","targetHints":{"allow":["GET"]}}],"collection":[{"href":"https:\/\/www.notibras.com\/site\/wp-json\/wp\/v2\/posts"}],"about":[{"href":"https:\/\/www.notibras.com\/site\/wp-json\/wp\/v2\/types\/post"}],"author":[{"embeddable":true,"href":"https:\/\/www.notibras.com\/site\/wp-json\/wp\/v2\/users\/2"}],"replies":[{"embeddable":true,"href":"https:\/\/www.notibras.com\/site\/wp-json\/wp\/v2\/comments?post=352256"}],"version-history":[{"count":1,"href":"https:\/\/www.notibras.com\/site\/wp-json\/wp\/v2\/posts\/352256\/revisions"}],"predecessor-version":[{"id":352258,"href":"https:\/\/www.notibras.com\/site\/wp-json\/wp\/v2\/posts\/352256\/revisions\/352258"}],"wp:featuredmedia":[{"embeddable":true,"href":"https:\/\/www.notibras.com\/site\/wp-json\/wp\/v2\/media\/352257"}],"wp:attachment":[{"href":"https:\/\/www.notibras.com\/site\/wp-json\/wp\/v2\/media?parent=352256"}],"wp:term":[{"taxonomy":"category","embeddable":true,"href":"https:\/\/www.notibras.com\/site\/wp-json\/wp\/v2\/categories?post=352256"},{"taxonomy":"post_tag","embeddable":true,"href":"https:\/\/www.notibras.com\/site\/wp-json\/wp\/v2\/tags?post=352256"}],"curies":[{"name":"wp","href":"https:\/\/api.w.org\/{rel}","templated":true}]}}