{"id":352300,"date":"2025-04-19T08:37:50","date_gmt":"2025-04-19T11:37:50","guid":{"rendered":"https:\/\/www.notibras.com\/site\/?p=352300"},"modified":"2025-04-19T08:37:50","modified_gmt":"2025-04-19T11:37:50","slug":"arlete-que-tinha-mae-como-algoz-parece-enfim-ter-encontrado-sossego","status":"publish","type":"post","link":"https:\/\/www.notibras.com\/site\/arlete-que-tinha-mae-como-algoz-parece-enfim-ter-encontrado-sossego\/","title":{"rendered":"Arlete, que tinha m\u00e3e como algoz, parece, enfim, ter encontrado sossego"},"content":{"rendered":"<p>\u00c9 incr\u00edvel como muitas coisas que aprendemos na inf\u00e2ncia ficam para o resto da vida, seja para o bem, seja para o mal. Minha finada m\u00e3e ficava t\u00e3o brava quando me via parada, que chegava a revirar os olhos. Ela achava que descanso era sinal indel\u00e9vel de pregui\u00e7a, e que carregar\u00edamos isso para sempre. N\u00e3o \u00e0 toa, hoje me sinto mal quando estou espregui\u00e7ando na rede da varanda, como se estivesse fazendo algo errado.<\/p>\n<p>Deve ser por isso que minhas olheiras profundas se destacam no meu rosto cansado, como se gritassem por f\u00e9rias. Mas como tir\u00e1-las, se as vendo para comprar quinquilharias que nem preciso? \u00c9 uma compuls\u00e3o, certamente alimentada pelas palavras de mam\u00e3e, que ainda hoje me grita nos ouvidos.<\/p>\n<p>\u2014 Arlete, quando \u00e9 que voc\u00ea vai jogar essa blusa fora?<\/p>\n<p>\u2014 Mas, mam\u00e3e, ela \u00e9 novinha.<\/p>\n<p>\u2014 Hum! Pois parece que tem mais de dez anos.<\/p>\n<p>\u2014 Comprei h\u00e1 menos de dois meses, mam\u00e3e.<\/p>\n<p>Vivi sob cr\u00edticas, sem tempo de respirar. Lembro que, l\u00e1 pelos meus 15 anos, estava eu vendo uma revista com duas amigas na cal\u00e7ada em frente \u00e0 nossa casa, no Guar\u00e1 II. Minha m\u00e3e chegou de repente e me deu aquela bronca.<\/p>\n<p>\u2014 Arlete, por que voc\u00ea n\u00e3o t\u00e1 estudando ou arrumando a casa?<\/p>\n<p>\u2014 Mam\u00e3e, j\u00e1 fiz isso tudo.<\/p>\n<p>\u2014 Hum! Pois arrume o que fazer agora mesmo! N\u00e3o quero voc\u00ea de conversinha na rua.<\/p>\n<p>Laura e J\u00falia, as minhas amigas, ficaram assustadas e trataram de ir embora. Elas conheciam bem a minha m\u00e3e e, ent\u00e3o, preferiram ir para o final da rua para continuar a leitura. No dia seguinte, encontrei as duas na escola.<\/p>\n<p>\u2014 Voc\u00ea t\u00e1 bem, Arlete?<\/p>\n<p>\u2014 T\u00f4.<\/p>\n<p>\u2014 T\u00e1 mesmo?<\/p>\n<p>\u2014 T\u00f4.<\/p>\n<p>Obviamente que menti para as minhas colegas. Mesmo adolescente, quando a revolta contra os pais ultrapassa qualquer limite, n\u00e3o me sentia bem em expor as paranoias de mam\u00e3e. \u00c9 verdade que meu emocional foi pras cucuias, mas minha m\u00e3e jamais me levantou a m\u00e3o.<\/p>\n<p>N\u00e3o sei como foi a inf\u00e2ncia da minha genitora. Ela jamais se abriu comigo. Filha \u00fanica que nem eu, perdeu a m\u00e3e pouco tempo depois que nasci. Quanto ao pai, parece que foi embora quando mam\u00e3e ainda era crian\u00e7a. Quanto ao meu, cansei de perguntar sobre ele at\u00e9 que completei 12 anos. Nunca o conheci.<\/p>\n<p>Deve ser por causa desse hist\u00f3rico familiar que nunca quis ter filhos. At\u00e9 os relacionamentos que tive n\u00e3o duraram mais do que um outono, como se findassem com as perdas das folhas. Se n\u00e3o sequei, talvez tenha sido pelas ra\u00edzes profundas.<\/p>\n<p>Conheci Francisco h\u00e1 poucos dias. Nem sei se o namoro, se \u00e9 que posso chamar assim o que temos, v\u00e1 vingar. Seja como for, ele conseguiu me surpreender logo na nossa primeira noite. Carinhosamente envolveu meu rosto com suas m\u00e3os macias, me beijou na testa e disse:<\/p>\n<p>\u2014 Durma sem culpa.<\/p>\n<p>&#8230;&#8230;&#8230;&#8230;&#8230;&#8230;&#8230;&#8230;&#8230;.<\/p>\n<p><strong>Eduardo Mart\u00ednez \u00e9 autor do livro 57 Contos e Cr\u00f4nicas por um Autor Muito Velho\u2019<\/strong><\/p>\n<p>Compre aqui\u00a0<span class=\"x19la9d6 x1fc57z9 x6ikm8r x10wlt62 x19co3pv x1g5zs5t xfibh0p xiy17q3 x1xsqp64 x1lkfr7t xexx8yu x4uap5 x18d9i69 xkhd6sd\"><span class=\"xrtxmta x1bhl96m\"><img decoding=\"async\" class=\"emoji\" role=\"img\" draggable=\"false\" src=\"https:\/\/s.w.org\/images\/core\/emoji\/15.0.3\/svg\/1f447-1f3ff.svg\" alt=\"&#x1f447;&#x1f3ff;\" \/><\/span><\/span><\/p>\n<p><a href=\"https:\/\/www.joanineditora.com.br\/57-contos-e-cronicas-por-um-autor-muito-velho\">https:\/\/www.joanineditora.com.br\/57-contos-e-cronicas-por-um-autor-muito-velho<\/a><\/p>\n","protected":false},"excerpt":{"rendered":"<p>\u00c9 incr\u00edvel como muitas coisas que aprendemos na inf\u00e2ncia ficam para o resto da vida, seja para o bem, seja para o mal. Minha finada m\u00e3e ficava t\u00e3o brava quando me via parada, que chegava a revirar os olhos. Ela achava que descanso era sinal indel\u00e9vel de pregui\u00e7a, e que carregar\u00edamos isso para sempre. N\u00e3o [&hellip;]<\/p>\n","protected":false},"author":2,"featured_media":352301,"comment_status":"closed","ping_status":"closed","sticky":false,"template":"","format":"standard","meta":{"_acf_changed":false,"footnotes":""},"categories":[161],"tags":[],"class_list":["post-352300","post","type-post","status-publish","format-standard","has-post-thumbnail","hentry","category-quadradinho-em-foco"],"acf":[],"_links":{"self":[{"href":"https:\/\/www.notibras.com\/site\/wp-json\/wp\/v2\/posts\/352300","targetHints":{"allow":["GET"]}}],"collection":[{"href":"https:\/\/www.notibras.com\/site\/wp-json\/wp\/v2\/posts"}],"about":[{"href":"https:\/\/www.notibras.com\/site\/wp-json\/wp\/v2\/types\/post"}],"author":[{"embeddable":true,"href":"https:\/\/www.notibras.com\/site\/wp-json\/wp\/v2\/users\/2"}],"replies":[{"embeddable":true,"href":"https:\/\/www.notibras.com\/site\/wp-json\/wp\/v2\/comments?post=352300"}],"version-history":[{"count":1,"href":"https:\/\/www.notibras.com\/site\/wp-json\/wp\/v2\/posts\/352300\/revisions"}],"predecessor-version":[{"id":352302,"href":"https:\/\/www.notibras.com\/site\/wp-json\/wp\/v2\/posts\/352300\/revisions\/352302"}],"wp:featuredmedia":[{"embeddable":true,"href":"https:\/\/www.notibras.com\/site\/wp-json\/wp\/v2\/media\/352301"}],"wp:attachment":[{"href":"https:\/\/www.notibras.com\/site\/wp-json\/wp\/v2\/media?parent=352300"}],"wp:term":[{"taxonomy":"category","embeddable":true,"href":"https:\/\/www.notibras.com\/site\/wp-json\/wp\/v2\/categories?post=352300"},{"taxonomy":"post_tag","embeddable":true,"href":"https:\/\/www.notibras.com\/site\/wp-json\/wp\/v2\/tags?post=352300"}],"curies":[{"name":"wp","href":"https:\/\/api.w.org\/{rel}","templated":true}]}}