{"id":352361,"date":"2025-04-20T00:47:33","date_gmt":"2025-04-20T03:47:33","guid":{"rendered":"https:\/\/www.notibras.com\/site\/?p=352361"},"modified":"2025-04-20T07:53:05","modified_gmt":"2025-04-20T10:53:05","slug":"empresario-morre-eletrocutado-na-manutencao-em-fabrica-de-doces","status":"publish","type":"post","link":"https:\/\/www.notibras.com\/site\/empresario-morre-eletrocutado-na-manutencao-em-fabrica-de-doces\/","title":{"rendered":"Empres\u00e1rio morre eletrocutado na manuten\u00e7\u00e3o em f\u00e1brica de doces"},"content":{"rendered":"<p>Um empres\u00e1rio de 61 anos morreu eletrocutado neste s\u00e1bado (19), enquanto realizava uma manuten\u00e7\u00e3o em um equipamento de sua pr\u00f3pria f\u00e1brica de doces, localizada em Santa Rita, na Regi\u00e3o Metropolitana de Jo\u00e3o Pessoa.<\/p>\n<p>A v\u00edtima foi identificada como Rosalvo Duarte Leal, propriet\u00e1rio do estabelecimento. Segundo o perito criminal Aslan Pontes, o empres\u00e1rio foi encontrado ca\u00eddo pr\u00f3ximo a um motor, onde havia fios desencapados, al\u00e9m de ferramentas como alicate e chave de fenda.<\/p>\n<p>Ainda conforme o perito, a an\u00e1lise preliminar apontou marcas nas m\u00e3os da v\u00edtima compat\u00edveis com les\u00f5es causadas por descarga el\u00e9trica, o que indica que ele pode ter sofrido o choque enquanto manuseava o equipamento.<\/p>\n<p>As circunst\u00e2ncias do acidente ainda ser\u00e3o investigadas.<\/p>\n","protected":false},"excerpt":{"rendered":"<p>Um empres\u00e1rio de 61 anos morreu eletrocutado neste s\u00e1bado (19), enquanto realizava uma manuten\u00e7\u00e3o em um equipamento de sua pr\u00f3pria f\u00e1brica de doces, localizada em Santa Rita, na Regi\u00e3o Metropolitana de Jo\u00e3o Pessoa. A v\u00edtima foi identificada como Rosalvo Duarte Leal, propriet\u00e1rio do estabelecimento. Segundo o perito criminal Aslan Pontes, o empres\u00e1rio foi encontrado ca\u00eddo [&hellip;]<\/p>\n","protected":false},"author":2,"featured_media":352362,"comment_status":"closed","ping_status":"closed","sticky":false,"template":"","format":"standard","meta":{"_acf_changed":false,"footnotes":""},"categories":[165],"tags":[],"class_list":["post-352361","post","type-post","status-publish","format-standard","has-post-thumbnail","hentry","category-nordeste"],"acf":[],"_links":{"self":[{"href":"https:\/\/www.notibras.com\/site\/wp-json\/wp\/v2\/posts\/352361","targetHints":{"allow":["GET"]}}],"collection":[{"href":"https:\/\/www.notibras.com\/site\/wp-json\/wp\/v2\/posts"}],"about":[{"href":"https:\/\/www.notibras.com\/site\/wp-json\/wp\/v2\/types\/post"}],"author":[{"embeddable":true,"href":"https:\/\/www.notibras.com\/site\/wp-json\/wp\/v2\/users\/2"}],"replies":[{"embeddable":true,"href":"https:\/\/www.notibras.com\/site\/wp-json\/wp\/v2\/comments?post=352361"}],"version-history":[{"count":1,"href":"https:\/\/www.notibras.com\/site\/wp-json\/wp\/v2\/posts\/352361\/revisions"}],"predecessor-version":[{"id":352363,"href":"https:\/\/www.notibras.com\/site\/wp-json\/wp\/v2\/posts\/352361\/revisions\/352363"}],"wp:featuredmedia":[{"embeddable":true,"href":"https:\/\/www.notibras.com\/site\/wp-json\/wp\/v2\/media\/352362"}],"wp:attachment":[{"href":"https:\/\/www.notibras.com\/site\/wp-json\/wp\/v2\/media?parent=352361"}],"wp:term":[{"taxonomy":"category","embeddable":true,"href":"https:\/\/www.notibras.com\/site\/wp-json\/wp\/v2\/categories?post=352361"},{"taxonomy":"post_tag","embeddable":true,"href":"https:\/\/www.notibras.com\/site\/wp-json\/wp\/v2\/tags?post=352361"}],"curies":[{"name":"wp","href":"https:\/\/api.w.org\/{rel}","templated":true}]}}