{"id":352364,"date":"2025-04-20T00:00:42","date_gmt":"2025-04-20T03:00:42","guid":{"rendered":"https:\/\/www.notibras.com\/site\/?p=352364"},"modified":"2025-04-20T08:01:59","modified_gmt":"2025-04-20T11:01:59","slug":"idoso-de-69-anos-morre-apos-colisao-frontal-entre-carro-e-van-no-interior","status":"publish","type":"post","link":"https:\/\/www.notibras.com\/site\/idoso-de-69-anos-morre-apos-colisao-frontal-entre-carro-e-van-no-interior\/","title":{"rendered":"Idoso de 69 anos morre ap\u00f3s colis\u00e3o frontal entre carro e van no interior"},"content":{"rendered":"<p>Um grave acidente na PI-112, no munic\u00edpio de Uni\u00e3o, a cerca de 65 km de Teresina, resultou na morte de Ar\u00e3o de Oliveira Lob\u00e3o Filho, de 69 anos. Ele dirigia um carro de passeio que colidiu frontalmente com uma van que trafegava no sentido oposto.<\/p>\n<p>De acordo com o Batalh\u00e3o da Pol\u00edcia Rodovi\u00e1ria Estadual (BPRE), Ar\u00e3o seguia no sentido Teresina-Uni\u00e3o quando perdeu o controle do ve\u00edculo e atingiu a van de frente. Com o impacto, a parte frontal do carro ficou completamente destru\u00edda.<\/p>\n<p>O idoso n\u00e3o resistiu aos ferimentos e morreu ainda no local, preso \u00e0s ferragens. O corpo foi retirado por uma equipe do Corpo de Bombeiros Militar do Estado do Piau\u00ed (CBMEPI). Segundo a corpora\u00e7\u00e3o, ele estava sozinho no carro.<\/p>\n<p>O condutor da van, que tamb\u00e9m viajava desacompanhado, sofreu apenas ferimentos leves. As causas exatas do acidente ainda ser\u00e3o investigadas.<\/p>\n","protected":false},"excerpt":{"rendered":"<p>Um grave acidente na PI-112, no munic\u00edpio de Uni\u00e3o, a cerca de 65 km de Teresina, resultou na morte de Ar\u00e3o de Oliveira Lob\u00e3o Filho, de 69 anos. Ele dirigia um carro de passeio que colidiu frontalmente com uma van que trafegava no sentido oposto. De acordo com o Batalh\u00e3o da Pol\u00edcia Rodovi\u00e1ria Estadual (BPRE), [&hellip;]<\/p>\n","protected":false},"author":2,"featured_media":352365,"comment_status":"closed","ping_status":"closed","sticky":false,"template":"","format":"standard","meta":{"_acf_changed":false,"footnotes":""},"categories":[165],"tags":[],"class_list":["post-352364","post","type-post","status-publish","format-standard","has-post-thumbnail","hentry","category-nordeste"],"acf":[],"_links":{"self":[{"href":"https:\/\/www.notibras.com\/site\/wp-json\/wp\/v2\/posts\/352364","targetHints":{"allow":["GET"]}}],"collection":[{"href":"https:\/\/www.notibras.com\/site\/wp-json\/wp\/v2\/posts"}],"about":[{"href":"https:\/\/www.notibras.com\/site\/wp-json\/wp\/v2\/types\/post"}],"author":[{"embeddable":true,"href":"https:\/\/www.notibras.com\/site\/wp-json\/wp\/v2\/users\/2"}],"replies":[{"embeddable":true,"href":"https:\/\/www.notibras.com\/site\/wp-json\/wp\/v2\/comments?post=352364"}],"version-history":[{"count":2,"href":"https:\/\/www.notibras.com\/site\/wp-json\/wp\/v2\/posts\/352364\/revisions"}],"predecessor-version":[{"id":352367,"href":"https:\/\/www.notibras.com\/site\/wp-json\/wp\/v2\/posts\/352364\/revisions\/352367"}],"wp:featuredmedia":[{"embeddable":true,"href":"https:\/\/www.notibras.com\/site\/wp-json\/wp\/v2\/media\/352365"}],"wp:attachment":[{"href":"https:\/\/www.notibras.com\/site\/wp-json\/wp\/v2\/media?parent=352364"}],"wp:term":[{"taxonomy":"category","embeddable":true,"href":"https:\/\/www.notibras.com\/site\/wp-json\/wp\/v2\/categories?post=352364"},{"taxonomy":"post_tag","embeddable":true,"href":"https:\/\/www.notibras.com\/site\/wp-json\/wp\/v2\/tags?post=352364"}],"curies":[{"name":"wp","href":"https:\/\/api.w.org\/{rel}","templated":true}]}}