{"id":352368,"date":"2025-04-20T00:05:22","date_gmt":"2025-04-20T03:05:22","guid":{"rendered":"https:\/\/www.notibras.com\/site\/?p=352368"},"modified":"2025-04-20T08:12:47","modified_gmt":"2025-04-20T11:12:47","slug":"recem-nascida-encontrada-viva-dentro-de-sacola-em-calcada-em-quixada","status":"publish","type":"post","link":"https:\/\/www.notibras.com\/site\/recem-nascida-encontrada-viva-dentro-de-sacola-em-calcada-em-quixada\/","title":{"rendered":"Rec\u00e9m-nascida encontrada viva dentro de sacola em cal\u00e7ada em Quixad\u00e1"},"content":{"rendered":"<p>Uma beb\u00ea rec\u00e9m-nascida foi encontrada ainda com vida dentro de uma sacola, abandonada em uma cal\u00e7ada no munic\u00edpio de Quixad\u00e1, no interior do Cear\u00e1. O caso foi registrado na manh\u00e3 deste s\u00e1bado, 19, na rua Tabeli\u00e3o Jo\u00e3o Bezerra Silva.<\/p>\n<p>A Pol\u00edcia Militar foi acionada por volta das 6h25, ap\u00f3s uma den\u00fancia que indicava a presen\u00e7a de um poss\u00edvel cad\u00e1ver de beb\u00ea no local. Ao chegarem, os policiais se depararam com a crian\u00e7a ainda com sinais vitais.<\/p>\n<p>A beb\u00ea foi imediatamente resgatada e levada para uma maternidade da cidade, onde recebeu os primeiros atendimentos m\u00e9dicos. Segundo informa\u00e7\u00f5es repassadas pelas autoridades, o estado de sa\u00fade da rec\u00e9m-nascida \u00e9 est\u00e1vel, e ela segue em observa\u00e7\u00e3o m\u00e9dica.<\/p>\n","protected":false},"excerpt":{"rendered":"<p>Uma beb\u00ea rec\u00e9m-nascida foi encontrada ainda com vida dentro de uma sacola, abandonada em uma cal\u00e7ada no munic\u00edpio de Quixad\u00e1, no interior do Cear\u00e1. O caso foi registrado na manh\u00e3 deste s\u00e1bado, 19, na rua Tabeli\u00e3o Jo\u00e3o Bezerra Silva. A Pol\u00edcia Militar foi acionada por volta das 6h25, ap\u00f3s uma den\u00fancia que indicava a presen\u00e7a [&hellip;]<\/p>\n","protected":false},"author":2,"featured_media":352369,"comment_status":"closed","ping_status":"closed","sticky":false,"template":"","format":"standard","meta":{"_acf_changed":false,"footnotes":""},"categories":[165],"tags":[],"class_list":["post-352368","post","type-post","status-publish","format-standard","has-post-thumbnail","hentry","category-nordeste"],"acf":[],"_links":{"self":[{"href":"https:\/\/www.notibras.com\/site\/wp-json\/wp\/v2\/posts\/352368","targetHints":{"allow":["GET"]}}],"collection":[{"href":"https:\/\/www.notibras.com\/site\/wp-json\/wp\/v2\/posts"}],"about":[{"href":"https:\/\/www.notibras.com\/site\/wp-json\/wp\/v2\/types\/post"}],"author":[{"embeddable":true,"href":"https:\/\/www.notibras.com\/site\/wp-json\/wp\/v2\/users\/2"}],"replies":[{"embeddable":true,"href":"https:\/\/www.notibras.com\/site\/wp-json\/wp\/v2\/comments?post=352368"}],"version-history":[{"count":1,"href":"https:\/\/www.notibras.com\/site\/wp-json\/wp\/v2\/posts\/352368\/revisions"}],"predecessor-version":[{"id":352370,"href":"https:\/\/www.notibras.com\/site\/wp-json\/wp\/v2\/posts\/352368\/revisions\/352370"}],"wp:featuredmedia":[{"embeddable":true,"href":"https:\/\/www.notibras.com\/site\/wp-json\/wp\/v2\/media\/352369"}],"wp:attachment":[{"href":"https:\/\/www.notibras.com\/site\/wp-json\/wp\/v2\/media?parent=352368"}],"wp:term":[{"taxonomy":"category","embeddable":true,"href":"https:\/\/www.notibras.com\/site\/wp-json\/wp\/v2\/categories?post=352368"},{"taxonomy":"post_tag","embeddable":true,"href":"https:\/\/www.notibras.com\/site\/wp-json\/wp\/v2\/tags?post=352368"}],"curies":[{"name":"wp","href":"https:\/\/api.w.org\/{rel}","templated":true}]}}