{"id":352386,"date":"2025-04-20T00:00:51","date_gmt":"2025-04-20T03:00:51","guid":{"rendered":"https:\/\/www.notibras.com\/site\/?p=352386"},"modified":"2025-04-20T10:08:20","modified_gmt":"2025-04-20T13:08:20","slug":"exposicoes-levam-publico-a-um-mergulho-na-historia-de-brasilia","status":"publish","type":"post","link":"https:\/\/www.notibras.com\/site\/exposicoes-levam-publico-a-um-mergulho-na-historia-de-brasilia\/","title":{"rendered":"Exposi\u00e7\u00f5es levam p\u00fablico a um mergulho na hist\u00f3ria de Bras\u00edlia"},"content":{"rendered":"<p>Mais do que curtir as atra\u00e7\u00f5es musicais, o p\u00fablico que for \u00e0 Esplanada dos Minist\u00e9rios para a festa em comemora\u00e7\u00e3o ao anivers\u00e1rio de Bras\u00edlia vai poder dar um mergulho na hist\u00f3ria da capital federal. Duas exposi\u00e7\u00f5es organizadas pelo Arquivo P\u00fablico do Distrito Federal (ArPDF) \u2014 Alma e Concreto e A Cidade que Inventei \u2014 apresentam imagens da \u00e9poca da constru\u00e7\u00e3o e rascunhos de Lucio Costa para o projeto do Plano Piloto.<\/p>\n<p>\u201cAs pessoas fazem a hist\u00f3ria, mas o Arquivo P\u00fablico \u00e9 quem a guarda para sempre e traz \u00e0 luz aquilo que de mais importante teve nessa epopeia que foi a constru\u00e7\u00e3o da nossa capital. Pessoas que n\u00e3o tiveram oportunidade de ver, de participar podem agora, aqui com esta exposi\u00e7\u00e3o, ter um contato mais direto com quem de fato fez e transformou aquilo que era uma ideia em uma realidade: essa cidade que, 65 anos depois, \u00e9 uma refer\u00eancia de qualidade de vida, refer\u00eancia de arquitetura, refer\u00eancia para o mundo inteiro\u201d, destacou o secret\u00e1rio de Governo, Jos\u00e9 Humberto Pires de Ara\u00fajo, que visitou as duas mostras na tarde deste s\u00e1bado (19).<\/p>\n<p>\u201cN\u00f3s temos a parte cultural, tem o show, tem a m\u00fasica, mas temos tamb\u00e9m o resgate hist\u00f3rico das origens. Com esse resgate, o governo d\u00e1 um grande passo para mostrar para a popula\u00e7\u00e3o o quanto a preserva\u00e7\u00e3o da mem\u00f3ria \u00e9 importante para que a pessoa crie uma identidade, fortale\u00e7a seu civismo, fortale\u00e7a o orgulho que ela tem pela capital do Brasil, que \u00e9 maravilhosa e \u00e9 um Patrim\u00f4nio da Humanidade\u201d, acrescentou o superintendente do ArPDF, Adalberto Scigliano.<\/p>\n<p>A primeira mostra, Alma e Concreto, \u00e9 a que re\u00fane fotos da \u00e9poca em que a capital come\u00e7ou a tomar forma, valorizando, sobretudo, os candangos: pessoas de diferentes regi\u00f5es que vieram para Bras\u00edlia a fim de colocar a cidade em p\u00e9. \u201cN\u00f3s conseguimos nesta exposi\u00e7\u00e3o trazer uma perspectiva diferente. N\u00e3o quer\u00edamos apenas colocar fotografias com pr\u00e9dios, quer\u00edamos que os 65 anos de Bras\u00edlia fossem representados com alma e concreto, ou seja, quer\u00edamos resgatar aqueles que trabalharam, aqueles que produziram, aqueles que deram algo de si, sangue, suor e l\u00e1grimas. Ent\u00e3o, essa exposi\u00e7\u00e3o tem essa caracter\u00edstica toda pr\u00f3pria: a gente quis resgatar aqueles que criaram, que bolaram a cidade, mas tamb\u00e9m aqueles que botaram a m\u00e3o no martelo, no concreto, nas ferragens\u201d, enfatizou Elias Manoel da Silva, historiador do ArPDF.<\/p>\n<p>A outra exposi\u00e7\u00e3o, situada bem ao lado da primeira, traz um acervo que at\u00e9 bem pouco estava distante de Bras\u00edlia. Rascunhos originais do projeto do Plano Piloto, feitos pelo urbanista Lucio Costa, que antes eram exclusivos da Casa da Arquitectura de Portugal, foram compartilhados digitalmente com o Arquivo P\u00fablico ap\u00f3s assinatura de um acordo, em fevereiro deste ano. Agora, foram impressos em grande escala e est\u00e3o \u00e0 vista de todos na Esplanada. O nome da mostra, A Cidade que Inventei, \u00e9 uma refer\u00eancia ao t\u00edtulo de uma publica\u00e7\u00e3o na qual o pr\u00f3prio Lucio Costa descreve como projetou a capital.<\/p>\n<p>Os rascunhos foram colocados ao lado de fotos que mostram como as constru\u00e7\u00f5es ficaram depois de prontas. \u201cA inten\u00e7\u00e3o foi exatamente mostrar que, a partir desse pequeno tra\u00e7o a l\u00e1pis ou \u00e0 caneta, t\u00e3o simples, no verso de um papel timbrado qualquer, ele j\u00e1 tinha ideias fant\u00e1sticas. Ao lado a gente coloca uma foto que traz uma vis\u00e3o da Bras\u00edlia daquela \u00e9poca da inaugura\u00e7\u00e3o para mostrar o qu\u00e3o real se tornou isso, o quanto um tra\u00e7o de um arquiteto, de um urbanista pode virar uma cidade que mexe com a vida de milh\u00f5es de pessoas\u201d, apontou o arquivista H\u00e9lio J\u00fanior, curador da exposi\u00e7\u00e3o ao lado da historiadora Cec\u00edlia Mombelli.<\/p>\n<p>As duas exposi\u00e7\u00f5es ficam abertas ao p\u00fablico at\u00e9 segunda-feira (21), a partir das 14h. As estruturas est\u00e3o montadas no gramado central da Esplanada dos Minist\u00e9rios, na altura da Catedral Metropolitana de Bras\u00edlia. A entrada \u00e9 gratuita e n\u00e3o h\u00e1 necessidade de retirada de ingresso.<\/p>\n","protected":false},"excerpt":{"rendered":"<p>Mais do que curtir as atra\u00e7\u00f5es musicais, o p\u00fablico que for \u00e0 Esplanada dos Minist\u00e9rios para a festa em comemora\u00e7\u00e3o ao anivers\u00e1rio de Bras\u00edlia vai poder dar um mergulho na hist\u00f3ria da capital federal. Duas exposi\u00e7\u00f5es organizadas pelo Arquivo P\u00fablico do Distrito Federal (ArPDF) \u2014 Alma e Concreto e A Cidade que Inventei \u2014 apresentam [&hellip;]<\/p>\n","protected":false},"author":2,"featured_media":352387,"comment_status":"closed","ping_status":"closed","sticky":false,"template":"","format":"standard","meta":{"_acf_changed":false,"footnotes":""},"categories":[161],"tags":[],"class_list":["post-352386","post","type-post","status-publish","format-standard","has-post-thumbnail","hentry","category-quadradinho-em-foco"],"acf":[],"_links":{"self":[{"href":"https:\/\/www.notibras.com\/site\/wp-json\/wp\/v2\/posts\/352386","targetHints":{"allow":["GET"]}}],"collection":[{"href":"https:\/\/www.notibras.com\/site\/wp-json\/wp\/v2\/posts"}],"about":[{"href":"https:\/\/www.notibras.com\/site\/wp-json\/wp\/v2\/types\/post"}],"author":[{"embeddable":true,"href":"https:\/\/www.notibras.com\/site\/wp-json\/wp\/v2\/users\/2"}],"replies":[{"embeddable":true,"href":"https:\/\/www.notibras.com\/site\/wp-json\/wp\/v2\/comments?post=352386"}],"version-history":[{"count":1,"href":"https:\/\/www.notibras.com\/site\/wp-json\/wp\/v2\/posts\/352386\/revisions"}],"predecessor-version":[{"id":352388,"href":"https:\/\/www.notibras.com\/site\/wp-json\/wp\/v2\/posts\/352386\/revisions\/352388"}],"wp:featuredmedia":[{"embeddable":true,"href":"https:\/\/www.notibras.com\/site\/wp-json\/wp\/v2\/media\/352387"}],"wp:attachment":[{"href":"https:\/\/www.notibras.com\/site\/wp-json\/wp\/v2\/media?parent=352386"}],"wp:term":[{"taxonomy":"category","embeddable":true,"href":"https:\/\/www.notibras.com\/site\/wp-json\/wp\/v2\/categories?post=352386"},{"taxonomy":"post_tag","embeddable":true,"href":"https:\/\/www.notibras.com\/site\/wp-json\/wp\/v2\/tags?post=352386"}],"curies":[{"name":"wp","href":"https:\/\/api.w.org\/{rel}","templated":true}]}}