{"id":352392,"date":"2025-04-20T00:00:19","date_gmt":"2025-04-20T03:00:19","guid":{"rendered":"https:\/\/www.notibras.com\/site\/?p=352392"},"modified":"2025-04-20T10:21:03","modified_gmt":"2025-04-20T13:21:03","slug":"um-novo-capitulo-para-enfrentar-problema-cronico","status":"publish","type":"post","link":"https:\/\/www.notibras.com\/site\/um-novo-capitulo-para-enfrentar-problema-cronico\/","title":{"rendered":"Um novo cap\u00edtulo para enfrentar problema cr\u00f4nico"},"content":{"rendered":"<p>Ver constru\u00e7\u00f5es surgindo no Planalto Central foi um sonho que se tornou realidade na d\u00e9cada de 1960. Mas, com o passar dos anos e o aumento da popula\u00e7\u00e3o, o aparecimento de novos pr\u00e9dios em Bras\u00edlia passou a ser motivo de preocupa\u00e7\u00e3o por conta da infraestrutura de drenagem da cidade, que n\u00e3o acompanhou esse crescimento. \u201cQuanto mais constru\u00e7\u00e3o vai acontecendo, mais limita\u00e7\u00e3o de passagem da \u00e1gua. Ia chegar um momento em que n\u00e3o ia ter como fazer nada\u201d, aposta o aposentado Alfredo Guedes, de 71 anos.<\/p>\n<p>Foi nesse contexto da fala de Alfredo Guedes e pelo desenvolvimento de Bras\u00edlia que nasceu o Drenar DF, o maior programa de drenagem j\u00e1 executado pelo Governo do Distrito Federal (GDF). No ano em que Bras\u00edlia completa 65 anos de exist\u00eancia, a iniciativa reinventa a forma como \u00e9 feita a capta\u00e7\u00e3o e o escoamento de \u00e1guas pluviais na capital.<\/p>\n<p>Morador de uma das quadras que mais sofrem com as chuvas na Asa Norte, a SQN 202, seu Alfredo conta que o cora\u00e7\u00e3o falou mais alto do que os problemas de drenagem enfrentados h\u00e1 d\u00e9cadas. N\u00e3o s\u00f3 isso, mas tamb\u00e9m ver que os moradores n\u00e3o seriam abandonados. \u201cEm 1976, eu morava na 202. Me mudei para 402 e, depois de um tempo, retornei para a 202, onde vivo agora. J\u00e1 vi carros sendo arrastados pela comercial com a for\u00e7a da \u00e1gua, mas o que me fez voltar para l\u00e1 foi ver que o governo estava trabalhando para solucionar esse problema\u201d, conta.<\/p>\n<p>Historicamente as quadras 902, 702, 302, 102, 202 e 402 da Asa Norte eram conhecidas como quadras-problema com as ocorr\u00eancias de enchentes e inunda\u00e7\u00f5es em dias de chuvas intensas. Mas esse cen\u00e1rio mudou com a execu\u00e7\u00e3o do Drenar DF, onde foram investidos R$ 180 milh\u00f5es nas obras.<\/p>\n<p>\u201cNenhum governo tinha coragem de fazer esse projeto, que j\u00e1 existia h\u00e1 anos. Mas n\u00f3s nunca desistimos. Fomos insistindo, indo a encontros e reuni\u00f5es na Terracap [Ag\u00eancia de Desenvolvimento do Distrito Federal], CLDF [C\u00e2mara Legislativa do Distrito Federal]. Todo mundo se juntava para dar essa for\u00e7a. A nossa luta \u00e9 desde 2014 para solucionar esse problema\u201d, compartilha o aposentado e prefeito da SQN 402, David da Mata, de 66 anos.<\/p>\n<p>A insist\u00eancia valeu a pena. Hoje, as quadras iniciais da Asa Norte contam com um novo sistema de drenagem de 7,7 km de extens\u00e3o, projetado para suportar precipita\u00e7\u00f5es intensas e conduzir grandes volumes de \u00e1gua at\u00e9 o ponto de escoamento.<\/p>\n<p>\u201cEsse projeto existe desde 2008, pelo menos. Mas este governo \u00e9 conhecido por pegar problemas hist\u00f3ricos e resolver, fazer o que nenhuma outra gest\u00e3o fez. H\u00e1 relatos de alagamentos nessas quadras da Asa Norte da d\u00e9cada de 1970, que foi s\u00f3 aumentando com o tempo. Foi necess\u00e1rio atualizar o projeto com a realidade de hoje e, em 2019, levamos a ideia para o governador Ibaneis Rocha\u201d, detalha o presidente da Terracap, Izidio Santos.<\/p>\n<p>Para al\u00e9m da interven\u00e7\u00e3o estrutural na capta\u00e7\u00e3o e escoamento de \u00e1guas pluviais, o Drenar DF representa valoriza\u00e7\u00e3o imobili\u00e1ria. \u201cPor muitos anos eu morei na SQN 102. Minha filha continua l\u00e1 e eu precisei sair por conta do trabalho. Agora, com essa obra entregue, os nossos im\u00f3veis ser\u00e3o valorizados. Antes, ningu\u00e9m queria comprar nada nessa quadra, era impressionante. A 102 era um problema. Agora, ela \u00e9 uma das melhores para se morar porque n\u00e3o tem mais essa quest\u00e3o de alagamento e est\u00e1 bem pr\u00f3xima de tudo, das autarquias, shoppings, com acesso f\u00e1cil a qualquer local que voc\u00ea precise ir\u201d, defende o aposentado Elpidio Piccinin, de 76 anos.<\/p>\n<p>O projeto audacioso conta com galerias que come\u00e7am na altura da Arena BRB (Est\u00e1dio Nacional Man\u00e9 Garrincha), atravessando diversas quadras da Asa Norte, como as 902, 702, 302, 102, 202 e 402, al\u00e9m de cruzar a W3 Norte e o Eixo Rodovi\u00e1rio Norte (Eix\u00e3o), at\u00e9 chegar \u00e0 L4 Norte. Cabe ressaltar que o sistema abrange o in\u00edcio da Asa Norte, com cobertura at\u00e9 as quadras 4 e 5.<\/p>\n<p>\u201cEssa \u00e9 uma obra que beneficia n\u00e3o somente os moradores da Asa Norte, mas toda a popula\u00e7\u00e3o que transita pelo Plano Piloto. Tivemos 43 visitas \u00e0s obras com estudantes, entidades de classe, tribunais, deputados e secret\u00e1rios que puderam acompanhar de perto a grandiosidade e o sucesso do Drenar DF, que foi inaugurado sem acidentes ou paralisa\u00e7\u00f5es\u201d, diz o diretor t\u00e9cnico da Terracap, Hamilton Louren\u00e7o.<\/p>\n<p><strong>Lazer e meio ambiente<\/strong><br \/>\nAl\u00e9m de resolver um problema hist\u00f3rico, o Drenar DF tamb\u00e9m contribui com a preserva\u00e7\u00e3o do Lago Parano\u00e1, gra\u00e7as \u00e0 bacia de deten\u00e7\u00e3o no final do projeto, no Parque Internacional da Paz. Com 37 mil m\u00b2 de extens\u00e3o \u2013 o equivalente a quatro campos de futebol \u2013 o reservat\u00f3rio tem capacidade para armazenar at\u00e9 96 mil m\u00b3 de \u00e1gua, volume suficiente para abastecer 40 piscinas ol\u00edmpicas.<\/p>\n<p>\u201cQuando vi a bacia pela primeira vez, a sensa\u00e7\u00e3o que eu tive foi de al\u00edvio, porque a \u00e1gua da chuva que ia l\u00e1 para a garagem do meu pr\u00e9dio, para a minha quadra, agora vai ficar aqui nesse lugar, para ser direcionada para o Lago Parano\u00e1\u201d, completa o aposentado David.<\/p>\n<p>O novo ponto de lazer e turismo teve investimento de R$ 2,2 milh\u00f5es e disp\u00f5e de 70 mil m\u00b2 divididos entre estacionamento, cal\u00e7adas, pra\u00e7a hom\u00f4nima, al\u00e9m de abrigar a bacia de deten\u00e7\u00e3o do Drenar DF.<\/p>\n<p>\u201cEsse lugar ficou muito bonito. E uma bacia desse tamanho \u00e9 para resolver o nosso problema. Agora temos uma estrutura muito bem feita, uma obra muito ben\u00e9fica para o meio ambiente e para a sociedade\u201d, elogiou o aposentado Alfredo Guedes.<\/p>\n<p>Para construir a Pra\u00e7a Internacional da Paz, foram gerados 200 empregos diretos e indiretos. O projeto urban\u00edstico foi desenvolvido pela Ag\u00eancia de Desenvolvimento do Distrito Federal (Terracap) e pela Secretaria de Desenvolvimento Urbano e Habita\u00e7\u00e3o (Seduh), seguindo normas do Instituto do Patrim\u00f4nio Hist\u00f3rico e Art\u00edstico Nacional (Iphan).<\/p>\n","protected":false},"excerpt":{"rendered":"<p>Ver constru\u00e7\u00f5es surgindo no Planalto Central foi um sonho que se tornou realidade na d\u00e9cada de 1960. Mas, com o passar dos anos e o aumento da popula\u00e7\u00e3o, o aparecimento de novos pr\u00e9dios em Bras\u00edlia passou a ser motivo de preocupa\u00e7\u00e3o por conta da infraestrutura de drenagem da cidade, que n\u00e3o acompanhou esse crescimento. \u201cQuanto [&hellip;]<\/p>\n","protected":false},"author":2,"featured_media":352393,"comment_status":"closed","ping_status":"closed","sticky":false,"template":"","format":"standard","meta":{"_acf_changed":false,"footnotes":""},"categories":[161],"tags":[],"class_list":["post-352392","post","type-post","status-publish","format-standard","has-post-thumbnail","hentry","category-quadradinho-em-foco"],"acf":[],"_links":{"self":[{"href":"https:\/\/www.notibras.com\/site\/wp-json\/wp\/v2\/posts\/352392","targetHints":{"allow":["GET"]}}],"collection":[{"href":"https:\/\/www.notibras.com\/site\/wp-json\/wp\/v2\/posts"}],"about":[{"href":"https:\/\/www.notibras.com\/site\/wp-json\/wp\/v2\/types\/post"}],"author":[{"embeddable":true,"href":"https:\/\/www.notibras.com\/site\/wp-json\/wp\/v2\/users\/2"}],"replies":[{"embeddable":true,"href":"https:\/\/www.notibras.com\/site\/wp-json\/wp\/v2\/comments?post=352392"}],"version-history":[{"count":1,"href":"https:\/\/www.notibras.com\/site\/wp-json\/wp\/v2\/posts\/352392\/revisions"}],"predecessor-version":[{"id":352394,"href":"https:\/\/www.notibras.com\/site\/wp-json\/wp\/v2\/posts\/352392\/revisions\/352394"}],"wp:featuredmedia":[{"embeddable":true,"href":"https:\/\/www.notibras.com\/site\/wp-json\/wp\/v2\/media\/352393"}],"wp:attachment":[{"href":"https:\/\/www.notibras.com\/site\/wp-json\/wp\/v2\/media?parent=352392"}],"wp:term":[{"taxonomy":"category","embeddable":true,"href":"https:\/\/www.notibras.com\/site\/wp-json\/wp\/v2\/categories?post=352392"},{"taxonomy":"post_tag","embeddable":true,"href":"https:\/\/www.notibras.com\/site\/wp-json\/wp\/v2\/tags?post=352392"}],"curies":[{"name":"wp","href":"https:\/\/api.w.org\/{rel}","templated":true}]}}