{"id":352425,"date":"2025-04-21T03:56:02","date_gmt":"2025-04-21T06:56:02","guid":{"rendered":"https:\/\/www.notibras.com\/site\/?p=352425"},"modified":"2025-04-21T03:58:10","modified_gmt":"2025-04-21T06:58:10","slug":"da-poltrona-ve-se-e-ouve-se-de-tudo-inclusive-gemidos-de-jovens-casais-la-atras","status":"publish","type":"post","link":"https:\/\/www.notibras.com\/site\/da-poltrona-ve-se-e-ouve-se-de-tudo-inclusive-gemidos-de-jovens-casais-la-atras\/","title":{"rendered":"Da poltrona v\u00ea-se e ouve-se de tudo, inclusive gemidos de jovens casais l\u00e1 atr\u00e1s"},"content":{"rendered":"<p>Adoro viajar de \u00f4nibus, enquanto minha mente vagueia atrav\u00e9s das paisagens que surgem ao longo das estradas. J\u00e1 vi \u00e1rvore que parecia gente, os galhos eram cabelos, o tronco retorcido como se fosse pernas cruzadas. Coisas de crian\u00e7a que ainda pairam por aqui nesta quarentona.<\/p>\n<p>\u00c0s vezes, por causa do enorme fluxo de ve\u00edculos, o tr\u00e2nsito quase para. Como n\u00e3o d\u00e1 para lutar contra aquilo que n\u00e3o temos dom\u00ednio, busco me distrair com os coment\u00e1rios dos outros passageiros. Alguns furiosos, como se fossem resolver o problema aos gritos. Outros chateados e h\u00e1 at\u00e9 alguns que n\u00e3o est\u00e3o nem a\u00ed. Ser\u00e1 que n\u00e3o ligam porque est\u00e3o indo ou voltando para um lugar que odeiam?<\/p>\n<p>Entre tantas observa\u00e7\u00f5es, costumo abrir a cortina da janela e procuro algo mais interessante l\u00e1 fora. Quando estou com sorte, avisto alguns animais. Vaca \u00e9 o que mais tem, mas cavalo n\u00e3o \u00e9 algo raro. J\u00e1 vi tatu, tamandu\u00e1, cobra e at\u00e9 lobo-guar\u00e1, que estava tristemente se decompondo no acostamento, provavelmente atropelado ao tentar atravessar de um lado para o outro.<\/p>\n<p>Durante a viagem, v\u00e1rias cidades, algumas que mais parecem vilarejos. Tento adivinhar quem mora l\u00e1, como se n\u00e3o acreditando que a felicidade possa estar longe dos grandes centros urbanos. Que bobagem a minha! Logo eu, que vivo no interior que fica a mais de 500 quil\u00f4metros da capital. Todavia, isso n\u00e3o \u00e9 motivo para n\u00e3o continuar tentando desvendar como \u00e9 o dia a dia daquela gente.<\/p>\n<p>Afinal, quem \u00e9 que mora naquele casebre l\u00e1 embaixo? Janelas e portas cerradas, ou est\u00e1 dormindo ou saiu. Se bem que pode ser um ermit\u00e3o. Ser\u00e1? Talvez trabalhe naquele com\u00e9rcio adiante ou, ent\u00e3o, seja um dos poucos fregueses, t\u00e3o \u00ednfimo que \u00e9 o n\u00famero de pessoas nas ruas.<\/p>\n<p>De vez em quando, quando a noite se faz presente, \u00e9 poss\u00edvel ouvir risos e gemidos pr\u00f3ximos. Geralmente de jovens se divertindo. Volto os olhos para a janela e observo o c\u00e9u. Quando tem estrela, tento cont\u00e1-las, mas logo desisto. Se est\u00e1 nublado, fecho os olhos e procuro me lembrar de algo, geralmente bobagens ditas por Jorge, meu marido. Rio em sil\u00eancio, ao contr\u00e1rio de algum casal no fundo do \u00f4nibus. Nem me dou conta de quando adorme\u00e7o.<\/p>\n<p>&#8230;&#8230;&#8230;&#8230;&#8230;&#8230;&#8230;&#8230;..<\/p>\n<p><strong>Eduardo Mart\u00ednez \u00e9 autor do livro 57 Contos e Cr\u00f4nicas por um Autor Muito Velho\u2019<\/strong><\/p>\n<p>Compre aqui\u00a0<span class=\"x19la9d6 x1fc57z9 x6ikm8r x10wlt62 x19co3pv x1g5zs5t xfibh0p xiy17q3 x1xsqp64 x1lkfr7t xexx8yu x4uap5 x18d9i69 xkhd6sd\"><span class=\"xrtxmta x1bhl96m\"><img decoding=\"async\" class=\"emoji\" role=\"img\" draggable=\"false\" src=\"https:\/\/s.w.org\/images\/core\/emoji\/15.0.3\/svg\/1f447-1f3ff.svg\" alt=\"&#x1f447;&#x1f3ff;\" \/><\/span><\/span><\/p>\n<p><a href=\"https:\/\/www.joanineditora.com.br\/57-contos-e-cronicas-por-um-autor-muito-velho\">https:\/\/www.joanineditora.com.br\/57-contos-e-cronicas-por-um-autor-muito-velho<\/a><\/p>\n","protected":false},"excerpt":{"rendered":"<p>Adoro viajar de \u00f4nibus, enquanto minha mente vagueia atrav\u00e9s das paisagens que surgem ao longo das estradas. J\u00e1 vi \u00e1rvore que parecia gente, os galhos eram cabelos, o tronco retorcido como se fosse pernas cruzadas. Coisas de crian\u00e7a que ainda pairam por aqui nesta quarentona. \u00c0s vezes, por causa do enorme fluxo de ve\u00edculos, o [&hellip;]<\/p>\n","protected":false},"author":2,"featured_media":352426,"comment_status":"closed","ping_status":"closed","sticky":false,"template":"","format":"standard","meta":{"_acf_changed":false,"footnotes":""},"categories":[161],"tags":[],"class_list":["post-352425","post","type-post","status-publish","format-standard","has-post-thumbnail","hentry","category-quadradinho-em-foco"],"acf":[],"_links":{"self":[{"href":"https:\/\/www.notibras.com\/site\/wp-json\/wp\/v2\/posts\/352425","targetHints":{"allow":["GET"]}}],"collection":[{"href":"https:\/\/www.notibras.com\/site\/wp-json\/wp\/v2\/posts"}],"about":[{"href":"https:\/\/www.notibras.com\/site\/wp-json\/wp\/v2\/types\/post"}],"author":[{"embeddable":true,"href":"https:\/\/www.notibras.com\/site\/wp-json\/wp\/v2\/users\/2"}],"replies":[{"embeddable":true,"href":"https:\/\/www.notibras.com\/site\/wp-json\/wp\/v2\/comments?post=352425"}],"version-history":[{"count":3,"href":"https:\/\/www.notibras.com\/site\/wp-json\/wp\/v2\/posts\/352425\/revisions"}],"predecessor-version":[{"id":352429,"href":"https:\/\/www.notibras.com\/site\/wp-json\/wp\/v2\/posts\/352425\/revisions\/352429"}],"wp:featuredmedia":[{"embeddable":true,"href":"https:\/\/www.notibras.com\/site\/wp-json\/wp\/v2\/media\/352426"}],"wp:attachment":[{"href":"https:\/\/www.notibras.com\/site\/wp-json\/wp\/v2\/media?parent=352425"}],"wp:term":[{"taxonomy":"category","embeddable":true,"href":"https:\/\/www.notibras.com\/site\/wp-json\/wp\/v2\/categories?post=352425"},{"taxonomy":"post_tag","embeddable":true,"href":"https:\/\/www.notibras.com\/site\/wp-json\/wp\/v2\/tags?post=352425"}],"curies":[{"name":"wp","href":"https:\/\/api.w.org\/{rel}","templated":true}]}}