{"id":352481,"date":"2025-04-22T02:10:01","date_gmt":"2025-04-22T05:10:01","guid":{"rendered":"https:\/\/www.notibras.com\/site\/?p=352481"},"modified":"2025-04-21T22:31:24","modified_gmt":"2025-04-22T01:31:24","slug":"geracao-de-empregos-anima-trabalhador-do-nordeste-para-festa-do-1o-de-maio","status":"publish","type":"post","link":"https:\/\/www.notibras.com\/site\/geracao-de-empregos-anima-trabalhador-do-nordeste-para-festa-do-1o-de-maio\/","title":{"rendered":"Gera\u00e7\u00e3o de empregos anima trabalhador do Nordeste para festa do 1\u00ba de Maio"},"content":{"rendered":"<p>Nas pra\u00e7as, nos mercados e nas rodas de conversa do interior nordestino, o assunto j\u00e1 n\u00e3o \u00e9 s\u00f3 sobre a seca ou a pol\u00edtica \u2014 \u00e9 sobre trabalho. Coisa boa, n\u00e9? Em pleno abril, j\u00e1 tem trabalhador de sorriso no rosto, preparando o churrasco do Dia do Trabalhador com um entusiasmo que h\u00e1 tempos n\u00e3o se via.<\/p>\n<p>\u00c9 que a gera\u00e7\u00e3o de empregos no Nordeste deu sinais de melhora. Novas f\u00e1bricas abrindo as portas, o turismo aquecendo com o sol que nunca se esconde e o agroneg\u00f3cio, que andava t\u00edmido, voltou a empregar. Tem gente que antes fazia \u201cbico\u201d e hoje est\u00e1 assinando carteira. E isso muda tudo.<\/p>\n<p>Dona Zefinha, que antes vendia tapioca na cal\u00e7ada, agora tem uma barraquinha organizada na feira e j\u00e1 pensa em contratar uma ajudante. Jo\u00e3o, que foi embora pro Sul h\u00e1 cinco anos, voltou para Juazeiro e agora trabalha numa empresa de energia solar. E Ana, que cansou de entregar curr\u00edculo, arranjou vaga de recepcionista em uma nova pousada de Pipa.<\/p>\n<p>O dia 1\u00ba de Maio, ent\u00e3o, promete. Mais do que descanso, \u00e9 celebra\u00e7\u00e3o. N\u00e3o s\u00f3 pela luta dos que vieram antes, mas pela certeza de que o trabalho digno ainda \u00e9 poss\u00edvel por essas bandas. No r\u00e1dio, os forr\u00f3s falam de amor, mas o assunto do momento \u00e9 conquista. N\u00e3o da sorte, mas do emprego.<\/p>\n<p>O Nordeste, com novo f\u00f4lego, vai seguindo assim, entre um gole de caf\u00e9 e outro de esperan\u00e7a. Porque quando o trabalho chega, o futuro sorri. E o trabalhador, esse sim, tem motivo de sobra para comemorar.<\/p>\n","protected":false},"excerpt":{"rendered":"<p>Nas pra\u00e7as, nos mercados e nas rodas de conversa do interior nordestino, o assunto j\u00e1 n\u00e3o \u00e9 s\u00f3 sobre a seca ou a pol\u00edtica \u2014 \u00e9 sobre trabalho. Coisa boa, n\u00e9? Em pleno abril, j\u00e1 tem trabalhador de sorriso no rosto, preparando o churrasco do Dia do Trabalhador com um entusiasmo que h\u00e1 tempos n\u00e3o [&hellip;]<\/p>\n","protected":false},"author":2,"featured_media":352482,"comment_status":"closed","ping_status":"closed","sticky":false,"template":"","format":"standard","meta":{"_acf_changed":false,"footnotes":""},"categories":[165],"tags":[],"class_list":["post-352481","post","type-post","status-publish","format-standard","has-post-thumbnail","hentry","category-nordeste"],"acf":[],"_links":{"self":[{"href":"https:\/\/www.notibras.com\/site\/wp-json\/wp\/v2\/posts\/352481","targetHints":{"allow":["GET"]}}],"collection":[{"href":"https:\/\/www.notibras.com\/site\/wp-json\/wp\/v2\/posts"}],"about":[{"href":"https:\/\/www.notibras.com\/site\/wp-json\/wp\/v2\/types\/post"}],"author":[{"embeddable":true,"href":"https:\/\/www.notibras.com\/site\/wp-json\/wp\/v2\/users\/2"}],"replies":[{"embeddable":true,"href":"https:\/\/www.notibras.com\/site\/wp-json\/wp\/v2\/comments?post=352481"}],"version-history":[{"count":4,"href":"https:\/\/www.notibras.com\/site\/wp-json\/wp\/v2\/posts\/352481\/revisions"}],"predecessor-version":[{"id":352487,"href":"https:\/\/www.notibras.com\/site\/wp-json\/wp\/v2\/posts\/352481\/revisions\/352487"}],"wp:featuredmedia":[{"embeddable":true,"href":"https:\/\/www.notibras.com\/site\/wp-json\/wp\/v2\/media\/352482"}],"wp:attachment":[{"href":"https:\/\/www.notibras.com\/site\/wp-json\/wp\/v2\/media?parent=352481"}],"wp:term":[{"taxonomy":"category","embeddable":true,"href":"https:\/\/www.notibras.com\/site\/wp-json\/wp\/v2\/categories?post=352481"},{"taxonomy":"post_tag","embeddable":true,"href":"https:\/\/www.notibras.com\/site\/wp-json\/wp\/v2\/tags?post=352481"}],"curies":[{"name":"wp","href":"https:\/\/api.w.org\/{rel}","templated":true}]}}