{"id":352488,"date":"2025-04-22T02:19:59","date_gmt":"2025-04-22T05:19:59","guid":{"rendered":"https:\/\/www.notibras.com\/site\/?p=352488"},"modified":"2025-04-21T23:03:41","modified_gmt":"2025-04-22T02:03:41","slug":"alta-temporada-vai-embora-e-deixa-as-mansoes-vazias-no-longo-litoral-nordestino","status":"publish","type":"post","link":"https:\/\/www.notibras.com\/site\/alta-temporada-vai-embora-e-deixa-as-mansoes-vazias-no-longo-litoral-nordestino\/","title":{"rendered":"Alta temporada vai embora e deixa as mans\u00f5es vazias no longo litoral nordestino"},"content":{"rendered":"<p>Com o fim da alta temporada, o cen\u00e1rio paradis\u00edaco do litoral nordestino ganha um novo ritmo. As praias, que at\u00e9 semanas atr\u00e1s fervilhavam com turistas, agora retomam sua tranquilidade habitual. E junto com a calmaria, uma cena cada vez mais comum: mans\u00f5es de luxo fechadas, \u00e0 espera do pr\u00f3ximo ver\u00e3o.<\/p>\n<p>De dezembro a mar\u00e7o, os destinos litor\u00e2neos do Nordeste s\u00e3o o ponto de encontro de turistas nacionais e estrangeiros, especialmente em locais como Trancoso (BA), S\u00e3o Miguel dos Milagres (AL), Pipa (RN) e Jericoacoara (CE). Durante esses meses, casas de alto padr\u00e3o s\u00e3o alugadas por valores que ultrapassam dezenas de milhares de reais por semana. Mas, com o fim da temporada, muitas dessas propriedades passam meses vazias.<\/p>\n<p>&#8220;\u00c9 um ciclo. No ver\u00e3o, temos ocupa\u00e7\u00e3o m\u00e1xima. J\u00e1 no resto do ano, as casas ficam praticamente desertas&#8221;, comenta Beatriz Nogueira, gestora de uma empresa de aluguel de im\u00f3veis de luxo em Alagoas. Segundo ela, o movimento s\u00f3 volta a aquecer durante feriados prolongados e nas festas de fim de ano.<\/p>\n<p><strong>Custo de manter o luxo fechado<\/strong><br \/>\nMesmo fechadas, essas casas continuam gerando custos altos. Jardineiros, caseiros, sistemas de seguran\u00e7a e manuten\u00e7\u00e3o constante s\u00e3o necess\u00e1rios para conservar os im\u00f3veis em perfeitas condi\u00e7\u00f5es.<\/p>\n<p>&#8220;Deixar uma casa dessas fechada n\u00e3o significa deix\u00e1-la abandonada&#8221;, explica o engenheiro civil Marcos Lira. &#8220;O clima litor\u00e2neo exige cuidados redobrados, especialmente com a maresia e a umidade, que podem causar estragos se n\u00e3o forem monitorados.&#8221;<\/p>\n<p>Com a alta demanda concentrada em poucos meses, propriet\u00e1rios e administradores buscam alternativas para manter o fluxo de renda. Uma das estrat\u00e9gias \u00e9 atrair o p\u00fablico corporativo, oferecendo os im\u00f3veis para retiros de empresas ou eventos exclusivos fora da temporada.<\/p>\n<p>Outros apostam em reformas e melhorias no per\u00edodo de baixa, preparando as casas para a pr\u00f3xima leva de h\u00f3spedes com ainda mais conforto e sofistica\u00e7\u00e3o.<\/p>\n<p>Enquanto isso, o som das festas d\u00e1 lugar ao barulho do mar e dos ventos. Casas que foram palco de celebra\u00e7\u00f5es, ensaios fotogr\u00e1ficos e momentos de luxo se mant\u00eam silenciosas, guardando hist\u00f3rias da \u00faltima temporada \u2014 e esperando pelas que ainda vir\u00e3o.<\/p>\n","protected":false},"excerpt":{"rendered":"<p>Com o fim da alta temporada, o cen\u00e1rio paradis\u00edaco do litoral nordestino ganha um novo ritmo. As praias, que at\u00e9 semanas atr\u00e1s fervilhavam com turistas, agora retomam sua tranquilidade habitual. E junto com a calmaria, uma cena cada vez mais comum: mans\u00f5es de luxo fechadas, \u00e0 espera do pr\u00f3ximo ver\u00e3o. De dezembro a mar\u00e7o, os [&hellip;]<\/p>\n","protected":false},"author":2,"featured_media":352489,"comment_status":"closed","ping_status":"closed","sticky":false,"template":"","format":"standard","meta":{"_acf_changed":false,"footnotes":""},"categories":[165],"tags":[],"class_list":["post-352488","post","type-post","status-publish","format-standard","has-post-thumbnail","hentry","category-nordeste"],"acf":[],"_links":{"self":[{"href":"https:\/\/www.notibras.com\/site\/wp-json\/wp\/v2\/posts\/352488","targetHints":{"allow":["GET"]}}],"collection":[{"href":"https:\/\/www.notibras.com\/site\/wp-json\/wp\/v2\/posts"}],"about":[{"href":"https:\/\/www.notibras.com\/site\/wp-json\/wp\/v2\/types\/post"}],"author":[{"embeddable":true,"href":"https:\/\/www.notibras.com\/site\/wp-json\/wp\/v2\/users\/2"}],"replies":[{"embeddable":true,"href":"https:\/\/www.notibras.com\/site\/wp-json\/wp\/v2\/comments?post=352488"}],"version-history":[{"count":4,"href":"https:\/\/www.notibras.com\/site\/wp-json\/wp\/v2\/posts\/352488\/revisions"}],"predecessor-version":[{"id":352493,"href":"https:\/\/www.notibras.com\/site\/wp-json\/wp\/v2\/posts\/352488\/revisions\/352493"}],"wp:featuredmedia":[{"embeddable":true,"href":"https:\/\/www.notibras.com\/site\/wp-json\/wp\/v2\/media\/352489"}],"wp:attachment":[{"href":"https:\/\/www.notibras.com\/site\/wp-json\/wp\/v2\/media?parent=352488"}],"wp:term":[{"taxonomy":"category","embeddable":true,"href":"https:\/\/www.notibras.com\/site\/wp-json\/wp\/v2\/categories?post=352488"},{"taxonomy":"post_tag","embeddable":true,"href":"https:\/\/www.notibras.com\/site\/wp-json\/wp\/v2\/tags?post=352488"}],"curies":[{"name":"wp","href":"https:\/\/api.w.org\/{rel}","templated":true}]}}