{"id":352528,"date":"2025-04-22T00:00:03","date_gmt":"2025-04-22T03:00:03","guid":{"rendered":"https:\/\/www.notibras.com\/site\/?p=352528"},"modified":"2025-04-22T10:55:56","modified_gmt":"2025-04-22T13:55:56","slug":"brasilienses-homenageiam-papa-francisco-nos-65-anos-da-capital","status":"publish","type":"post","link":"https:\/\/www.notibras.com\/site\/brasilienses-homenageiam-papa-francisco-nos-65-anos-da-capital\/","title":{"rendered":"Brasilienses homenageiam papa Francisco nos 65 anos da capital"},"content":{"rendered":"<p>A tradicional missa celebrada na Catedral de Bras\u00edlia em todos os anivers\u00e1rios da capital do pa\u00eds, que completou 65 anos nesta segunda-feira (21), foi marcada pela homenagem ao papa Francisco.<\/p>\n<p>No altar da Catedral, uma grande foto do primeiro Bispo de Roma latino-americano em 2 mil anos de hist\u00f3ria marcou a missa, onde tamb\u00e9m foi exposta a cruz usada na Primeira Missa do Brasil, em 1500.<\/p>\n<p>A estudante de direito Maria Eduarda Monteiro Dourado, de 18 anos de idade, disse que foi um susto a not\u00edcia da morte do papa e relembrou seus ensinamentos para a juventude.<\/p>\n<p>\u201cEle foi uma pessoa muito humilde e falava sobre a caridade com seu acolhimento aos pobres. Ele falava muito sobre a juventude dentro da Igreja, e eu acho que o meu papel como jovem \u00e9 olhar para ele como uma inspira\u00e7\u00e3o\u201d, disse a moradora de Riacho Fundo 2, uma das regi\u00f5es administrativas de Bras\u00edlia.<\/p>\n<p>Maria Eduarda diz ser apaixonada pela capital, apesar de citar a inseguran\u00e7a \u201cem algumas regi\u00f5es da cidade\u201d.<\/p>\n<p>\u201cVou para o Rio de Janeiro, para Goi\u00e1s, e percebo que aqui n\u00f3s somos \u00fanicos. Me sinto muito acolhida de morar aqui, independentemente de ser Plano Piloto ou regi\u00e3o administrativa\u201d, disse.<\/p>\n<p>O Plano Piloto \u00e9 a regi\u00e3o central de Bras\u00edlia com o metro quadrado mais valorizado se comparado com as outras regi\u00f5es.<\/p>\n<p><strong>Tristeza<\/strong><br \/>\nO m\u00e9dico Victor Wichrowski, de 35 anos de idade, carregava uma imagem do papa Francisco na missa dos 65 anos de Bras\u00edlia. Ele disse que tamb\u00e9m recebeu a not\u00edcia da morte do l\u00edder da Igreja Cat\u00f3lica com um misto de tristeza e alegria.<\/p>\n<p>\u201cEle foi um \u00f3timo pastor para a nossa Igreja. D\u00e1 aquela saudade ao mesmo tempo que d\u00e1 confian\u00e7a de que realmente ele pode descansar em paz, que fez um trabalho muito bonito\u201d, explicou o brasiliense.<\/p>\n<p>Victor avalia que o papa Francisco trabalhou para incluir todos na Igreja Cat\u00f3lica, independente das diferen\u00e7as, al\u00e9m de destacar o cuidado com o meio ambiente e denunciar as guerras em curso.<\/p>\n<p>Para o morador do Distrito Federal, \u00e9 poss\u00edvel trazer os ensinamentos de Francisco para o cotidiano da cidade.<\/p>\n<p>\u201cA defesa do di\u00e1logo, de buscar uma unidade, \u00e9 a li\u00e7\u00e3o maior que Francisco deixa para n\u00f3s. Como Bras\u00edlia \u00e9 uma cidade, digamos, \u00e0 frente do seu tempo, acho que o papa Francisco tamb\u00e9m esteve \u00e0 frente do seu tempo\u201d, disse Victor.<\/p>\n<p>A primeira mulher a comandar o Corpo de Bombeiros do Distrito Federal (CBMDF), coronel M\u00f4nica de Mesquita Miranda, compareceu \u00e0 missa especial neste 21 de abril. Natural de Bras\u00edlia, Miranda comentou os ensinamentos deixados pelo Papa.<\/p>\n<p>\u201cA humildade e a caridade foram as marcas do papa. A premissa dele era a f\u00e9, era o evangelizar, n\u00e3o as coisas materiais. E Bras\u00edlia \u00e9 uma cidade que j\u00e1 vem aben\u00e7oada porque ela foi uma previs\u00e3o de Dom Bosco. Bras\u00edlia aglomera todos. Bras\u00edlia \u00e9 Brasil. A cidade tem a cara do Norte, do Sul, tem o aspecto do Sudeste. Bras\u00edlia \u00e9 esse aglomerado de pessoas\u201d.<\/p>\n<p><strong>Povos Ind\u00edgenas<\/strong><br \/>\nA missa para celebrar os 65 anos de Bras\u00edlia contou ainda com presen\u00e7a de ind\u00edgenas cat\u00f3licos, que destacaram o papel do papa Francisco na defesa do meio ambiente.<\/p>\n<p>A patax\u00f3 Wilza Neves Silva, de 40 anos de idade, lembrou que foram seus ancestrais os que assistiram a primeira missa do Brasil, em 1500, e que sente muito a morte do papa Francisco pela defesa que ele fez da preserva\u00e7\u00e3o da natureza.<\/p>\n<p>\u201cEle valorizava muito a forma de manejo da terra, da \u00e1gua, das florestas, que n\u00f3s povos ind\u00edgenas praticamos. \u00c9 uma perda profunda de uma pessoa com essa mentalidade, com esse conceito de sustentabilidade, de ecologia integral. Ele se conectou com a pauta ind\u00edgena\u201d, comentou.<\/p>\n<p>Wilza participou da comitiva que buscou, em Portugal, a cruz usada na primeira missa do Brasil, em 26 de abril de 1500, em Porto Seguro, na Bahia. A cruz foi exposta nesta segunda-feira em Bras\u00edlia e tem peregrinado por v\u00e1rias cidades do pa\u00eds.<\/p>\n<p><strong>\u00d3rf\u00e3os<\/strong><br \/>\nO cardeal da Arquidiocese de Bras\u00edlia, dom Paulo Cezar Costa, celebrou a missa em homenagem aos 65 anos da capital federal, destacando que o papa Francisco foi um pai para a Igreja, que deixou grande legado e que o sentimento \u00e9 de orfandade.<\/p>\n<p>Dom Paulo lembrou que o papa Francisco deu voz \u00e0s periferias do mundo, denunciou as guerras e pediu di\u00e1logo. Para ele, esse legado deve ser aplicado em Bras\u00edlia.<\/p>\n<p>\u201cA nossa amada cidade \u00e9 chamada a ser, cada vez mais, uma cidade da inclus\u00e3o. Bras\u00edlia se tornou uma grande metr\u00f3pole, e a metr\u00f3pole traz em si ambiguidades, principalmente nas periferias\u201d, afirmou.<\/p>\n<p>O cardeal acrescentou que Bras\u00edlia, se comparada a outras cidades, tem uma boa qualidade de vida.<\/p>\n<p>\u201cMas tem tamb\u00e9m os seus problemas e eles devem ser resolvidos atrav\u00e9s do di\u00e1logo, onde a sociedade e os homens de decis\u00e3o devem estar juntos para encontrar caminhos de humaniza\u00e7\u00e3o, de integra\u00e7\u00e3o, onde todos e todas possam se sentir verdadeiramente cidad\u00e3os dessa cidade\u201d, completou.<\/p>\n","protected":false},"excerpt":{"rendered":"<p>A tradicional missa celebrada na Catedral de Bras\u00edlia em todos os anivers\u00e1rios da capital do pa\u00eds, que completou 65 anos nesta segunda-feira (21), foi marcada pela homenagem ao papa Francisco. No altar da Catedral, uma grande foto do primeiro Bispo de Roma latino-americano em 2 mil anos de hist\u00f3ria marcou a missa, onde tamb\u00e9m foi [&hellip;]<\/p>\n","protected":false},"author":2,"featured_media":352529,"comment_status":"closed","ping_status":"closed","sticky":false,"template":"","format":"standard","meta":{"_acf_changed":false,"footnotes":""},"categories":[161],"tags":[],"class_list":["post-352528","post","type-post","status-publish","format-standard","has-post-thumbnail","hentry","category-quadradinho-em-foco"],"acf":[],"_links":{"self":[{"href":"https:\/\/www.notibras.com\/site\/wp-json\/wp\/v2\/posts\/352528","targetHints":{"allow":["GET"]}}],"collection":[{"href":"https:\/\/www.notibras.com\/site\/wp-json\/wp\/v2\/posts"}],"about":[{"href":"https:\/\/www.notibras.com\/site\/wp-json\/wp\/v2\/types\/post"}],"author":[{"embeddable":true,"href":"https:\/\/www.notibras.com\/site\/wp-json\/wp\/v2\/users\/2"}],"replies":[{"embeddable":true,"href":"https:\/\/www.notibras.com\/site\/wp-json\/wp\/v2\/comments?post=352528"}],"version-history":[{"count":1,"href":"https:\/\/www.notibras.com\/site\/wp-json\/wp\/v2\/posts\/352528\/revisions"}],"predecessor-version":[{"id":352530,"href":"https:\/\/www.notibras.com\/site\/wp-json\/wp\/v2\/posts\/352528\/revisions\/352530"}],"wp:featuredmedia":[{"embeddable":true,"href":"https:\/\/www.notibras.com\/site\/wp-json\/wp\/v2\/media\/352529"}],"wp:attachment":[{"href":"https:\/\/www.notibras.com\/site\/wp-json\/wp\/v2\/media?parent=352528"}],"wp:term":[{"taxonomy":"category","embeddable":true,"href":"https:\/\/www.notibras.com\/site\/wp-json\/wp\/v2\/categories?post=352528"},{"taxonomy":"post_tag","embeddable":true,"href":"https:\/\/www.notibras.com\/site\/wp-json\/wp\/v2\/tags?post=352528"}],"curies":[{"name":"wp","href":"https:\/\/api.w.org\/{rel}","templated":true}]}}