{"id":352534,"date":"2025-04-22T00:05:33","date_gmt":"2025-04-22T03:05:33","guid":{"rendered":"https:\/\/www.notibras.com\/site\/?p=352534"},"modified":"2025-04-22T11:07:17","modified_gmt":"2025-04-22T14:07:17","slug":"evangelicos-celebram-o-aniversario-de-brasilia-na-esplanada","status":"publish","type":"post","link":"https:\/\/www.notibras.com\/site\/evangelicos-celebram-o-aniversario-de-brasilia-na-esplanada\/","title":{"rendered":"Evang\u00e9licos celebram o anivers\u00e1rio de Bras\u00edlia na Esplanada"},"content":{"rendered":"<p>Fieis e lideran\u00e7as religiosas estiveram reunidos na manh\u00e3 desta segunda-feira (21), no palco principal montado pelo Governo do Distrito Federal (GDF) na Esplanada dos Minist\u00e9rios, para uma celebra\u00e7\u00e3o evang\u00e9lica que marcou o in\u00edcio do \u00faltimo dia de festividades em comemora\u00e7\u00e3o aos 65 anos de Bras\u00edlia.<\/p>\n<p>Presente na celebra\u00e7\u00e3o evang\u00e9lica, a vice-governadora Celina Le\u00e3o destacou o simbolismo do momento: \u201cQuer\u00edamos entregar, nessa manh\u00e3, o Distrito Federal para o Senhor Jesus. Essa cidade que foi profetizada, que tem um povo de joelhos por ela. \u00c9 simb\u00f3lico estar aqui, no centro do pa\u00eds, na capital da Rep\u00fablica, para orarmos\u201d, disse.<\/p>\n<p>Na ocasi\u00e3o, Celina Le\u00e3o lembrou que o GDF trabalha na regulariza\u00e7\u00e3o de igrejas e templos religiosos: \u201cEsse \u00e9 o governo que mais trabalhou pela regulariza\u00e7\u00e3o dos templos, que mais entregou escritura\u201d.<\/p>\n<p>\u201cA diversidade da nossa sociedade, seja religiosa ou cultural, \u00e9 sempre muito respeitada pelo nosso governo. N\u00f3s come\u00e7amos hoje dia celebrando uma missa e agora tivemos esse momento tamb\u00e9m para a comunidade evang\u00e9lica, que sempre teve o nosso respeito\u201d, completou a gestora.<\/p>\n<p>Celina Le\u00e3o refor\u00e7ou o simbolismo da cerim\u00f4nia: \u201cQuer\u00edamos entregar, nessa manh\u00e3, o Distrito Federal para o Senhor Jesus. Essa cidade que foi profetizada, que tem um povo de joelhos por ela\u201d<\/p>\n<p><strong>F\u00e9 e m\u00fasica<\/strong><br \/>\nA cerim\u00f4nia religiosa foi intercalada com a apresenta\u00e7\u00e3o do cantor gospel Eli Soares, atra\u00e7\u00e3o que abriu o dia de shows com uma performance marcada por emo\u00e7\u00e3o e louvores.<\/p>\n<p>Reconhecido como um dos principais nomes da m\u00fasica crist\u00e3 contempor\u00e2nea no Brasil, Eli \u00e9 mineiro de Belo Horizonte e j\u00e1 colaborou com artistas como Alexandre Pires e Mumuzinho. Em 2024, foi vencedor do Grammy Latino com o \u00e1lbum Vida, consolidando-se como um artista que une gospel, soul, R&amp;B e MPB em seu repert\u00f3rio.<\/p>\n<p>O analista Gabriel Santana, 24 anos, comemorou a oportunidade de ver o \u00eddolo de perto. Chegou cedo e garantiu lugar pr\u00f3ximo ao palco. \u201cEstava esperando h\u00e1 bastante tempo por isso. Sou uma das pessoas que mais ouve Eli Soares no Brasil e estava bem animado para essa oportunidade. Acho muito importante dar esse espa\u00e7o para os cantores gospel no anivers\u00e1rio de Bras\u00edlia\u201d, avaliou.<\/p>\n<p>Al\u00e9m de Eli Soares, a programa\u00e7\u00e3o traz outros nomes de peso, como a banda brasiliense Menos \u00c9 Mais e a dupla sertaneja Z\u00e9 Neto &amp; Cristiano, que aproveitar\u00e1 a ocasi\u00e3o para gravar um novo conte\u00fado audiovisual. As apresenta\u00e7\u00f5es est\u00e3o previstas para terminar na madrugada desta ter\u00e7a-feira (22), com um espet\u00e1culo pirot\u00e9cnico que marca o encerramento oficial das celebra\u00e7\u00f5es \u00e0 capital.<\/p>\n<p>A apresenta\u00e7\u00e3o do cantor gospel Eli Soares, reconhecido como um dos principais nomes da m\u00fasica crist\u00e3 contempor\u00e2nea no Brasil, atraiu uma multid\u00e3o de f\u00e3s para o palco principal montado pelo GDF<\/p>\n<p><strong>Vai de Gra\u00e7a<\/strong><br \/>\nAssim como foi no Carnaval, a Semana Santa e o anivers\u00e1rio de Bras\u00edlia contaram com o programa Vai de Gra\u00e7a. Desde quinta-feira (17), os \u00f4nibus e o metr\u00f4 rodam com entrada gratuita. Em rela\u00e7\u00e3o aos hor\u00e1rios, os coletivos operaram de acordo com a tabela de domingos e feriados e o metr\u00f4 funciona das 9h \u00e0s 23h30.<\/p>\n<p>Os passageiros podem utilizar Cart\u00e3o Mobilidade, Vale-Transporte, PcD, Idoso ou Passe Livre Estudantil para a libera\u00e7\u00e3o autom\u00e1tica na catraca \u2013 para quem n\u00e3o tem nenhuma das op\u00e7\u00f5es, podem ser utilizados cart\u00f5es de cr\u00e9dito e d\u00e9bito, sem qualquer cobran\u00e7a. Cobradores e fiscais est\u00e3o orientados a auxiliar os passageiros nos \u00f4nibus e nas esta\u00e7\u00f5es de metr\u00f4.<\/p>\n<p>Quem fez quest\u00e3o de aproveitar a gratuidade foi a professora Milene Rosa, que trouxe toda a fam\u00edlia de Taguatinga Sul para o show do cantor gospel. \u201cA gente veio com a fam\u00edlia toda, pegamos o metr\u00f4 e o \u00f4nibus para estarmos aqui\u201d, relatou. \u201cAcho maravilhoso ter espa\u00e7o para o gospel no anivers\u00e1rio de Bras\u00edlia. \u00c9 uma oportunidade \u00fanica para quem \u00e9 evang\u00e9lico\u201d.<\/p>\n","protected":false},"excerpt":{"rendered":"<p>Fieis e lideran\u00e7as religiosas estiveram reunidos na manh\u00e3 desta segunda-feira (21), no palco principal montado pelo Governo do Distrito Federal (GDF) na Esplanada dos Minist\u00e9rios, para uma celebra\u00e7\u00e3o evang\u00e9lica que marcou o in\u00edcio do \u00faltimo dia de festividades em comemora\u00e7\u00e3o aos 65 anos de Bras\u00edlia. Presente na celebra\u00e7\u00e3o evang\u00e9lica, a vice-governadora Celina Le\u00e3o destacou o [&hellip;]<\/p>\n","protected":false},"author":2,"featured_media":352535,"comment_status":"closed","ping_status":"closed","sticky":false,"template":"","format":"standard","meta":{"_acf_changed":false,"footnotes":""},"categories":[161],"tags":[],"class_list":["post-352534","post","type-post","status-publish","format-standard","has-post-thumbnail","hentry","category-quadradinho-em-foco"],"acf":[],"_links":{"self":[{"href":"https:\/\/www.notibras.com\/site\/wp-json\/wp\/v2\/posts\/352534","targetHints":{"allow":["GET"]}}],"collection":[{"href":"https:\/\/www.notibras.com\/site\/wp-json\/wp\/v2\/posts"}],"about":[{"href":"https:\/\/www.notibras.com\/site\/wp-json\/wp\/v2\/types\/post"}],"author":[{"embeddable":true,"href":"https:\/\/www.notibras.com\/site\/wp-json\/wp\/v2\/users\/2"}],"replies":[{"embeddable":true,"href":"https:\/\/www.notibras.com\/site\/wp-json\/wp\/v2\/comments?post=352534"}],"version-history":[{"count":1,"href":"https:\/\/www.notibras.com\/site\/wp-json\/wp\/v2\/posts\/352534\/revisions"}],"predecessor-version":[{"id":352536,"href":"https:\/\/www.notibras.com\/site\/wp-json\/wp\/v2\/posts\/352534\/revisions\/352536"}],"wp:featuredmedia":[{"embeddable":true,"href":"https:\/\/www.notibras.com\/site\/wp-json\/wp\/v2\/media\/352535"}],"wp:attachment":[{"href":"https:\/\/www.notibras.com\/site\/wp-json\/wp\/v2\/media?parent=352534"}],"wp:term":[{"taxonomy":"category","embeddable":true,"href":"https:\/\/www.notibras.com\/site\/wp-json\/wp\/v2\/categories?post=352534"},{"taxonomy":"post_tag","embeddable":true,"href":"https:\/\/www.notibras.com\/site\/wp-json\/wp\/v2\/tags?post=352534"}],"curies":[{"name":"wp","href":"https:\/\/api.w.org\/{rel}","templated":true}]}}