{"id":352537,"date":"2025-04-22T00:00:00","date_gmt":"2025-04-22T03:00:00","guid":{"rendered":"https:\/\/www.notibras.com\/site\/?p=352537"},"modified":"2025-04-22T11:13:56","modified_gmt":"2025-04-22T14:13:56","slug":"ibaneis-lamenta-morte-do-papa-francisco-e-decreta-luto-de-sete-dias","status":"publish","type":"post","link":"https:\/\/www.notibras.com\/site\/ibaneis-lamenta-morte-do-papa-francisco-e-decreta-luto-de-sete-dias\/","title":{"rendered":"Ibaneis lamenta morte do papa Francisco e decreta luto de sete dias"},"content":{"rendered":"<p>O governador do Distrito Federal, Ibaneis Rocha, lamentou o falecimento do papa Francisco e decretou luto de sete dias. O pont\u00edfice faleceu na madrugada desta segunda-feira (21), no Vaticano, decorrente de um quadro de pneumonia.<\/p>\n<p>Ibaneis Rocha e a primeira-dama, Mayara Noronha Rocha, estiveram com o papa em duas oportunidades no Vaticano, ocasi\u00f5es em que aproveitaram para trocar mensagens de paz e amor ao pr\u00f3ximo.<\/p>\n<p>Nesta segunda, o governador participou da missa em comemora\u00e7\u00e3o aos 65 anos de Bras\u00edlia, na Catedral Metropolitana Nossa Senhora Aparecida. A celebra\u00e7\u00e3o ser\u00e1 conduzida pelo arcebispo de Bras\u00edlia, Cardeal Paulo Cezar Costa.<\/p>\n<p>Confira a Nota de Pesar<br \/>\n<em>Com o cora\u00e7\u00e3o cheio de rever\u00eancia recebemos a not\u00edcia da passagem do Papa Francisco para a Casa do Pai. Embora a dor nos una neste momento, a f\u00e9 nos lembra que a morte n\u00e3o \u00e9 o fim, mas o sagrado reencontro com aquele que ele serviu com tanto amor: o Cristo misericordioso, cujo abra\u00e7o agora o acolhe.<\/em><\/p>\n<p><em>Tive a gra\u00e7a de encontr\u00e1-lo pessoalmente duas vezes, e a \u00faltima, em novembro do ano passado, deixou-me marcado pela sua humildade e pelo olhar que sempre manteve de candura e benevol\u00eancia. Nessa ocasi\u00e3o, pediu-nos que or\u00e1ssemos por ele. Cheguei a manifestar, em carta, o desejo de t\u00ea-lo conosco para as festividades dos 65 anos de Bras\u00edlia. Embora sua presen\u00e7a f\u00edsica n\u00e3o se realize, sabemos que seu legado espiritual permanecer\u00e1: como um farol de justi\u00e7a, clem\u00eancia e amor aos pobres.<\/em><\/p>\n<p><em>Jorge Mario Bergoglio, ao escolher o nome Francisco, consagrou seu pontificado aos mesmos ideais do santo de Assis: uma Igreja para os pobres, voz prof\u00e9tica para as minorias, e um cora\u00e7\u00e3o que enxergava o mundo atrav\u00e9s da miseric\u00f3rdia divina. Bem-aventurados os misericordiosos, porque alcan\u00e7ar\u00e3o miseric\u00f3rdia<\/em><\/p>\n<p><em>Enquanto a comunidade cat\u00f3lica ora por sua alma, celebramos a certeza de que, na eternidade, ele continua a interceder por n\u00f3s. Como ele mesmo ensinou: a vida n\u00e3o \u00e9 tirada, \u00e9 transformada.<\/em><\/p>\n<p><em>Descanse em paz, Papa Francisco. Que os anjos o conduzam ao encontro do Bom Pastor que ele tanto amou.<\/em><\/p>\n","protected":false},"excerpt":{"rendered":"<p>O governador do Distrito Federal, Ibaneis Rocha, lamentou o falecimento do papa Francisco e decretou luto de sete dias. O pont\u00edfice faleceu na madrugada desta segunda-feira (21), no Vaticano, decorrente de um quadro de pneumonia. Ibaneis Rocha e a primeira-dama, Mayara Noronha Rocha, estiveram com o papa em duas oportunidades no Vaticano, ocasi\u00f5es em que [&hellip;]<\/p>\n","protected":false},"author":2,"featured_media":277932,"comment_status":"closed","ping_status":"closed","sticky":false,"template":"","format":"standard","meta":{"_acf_changed":false,"footnotes":""},"categories":[161],"tags":[],"class_list":["post-352537","post","type-post","status-publish","format-standard","has-post-thumbnail","hentry","category-quadradinho-em-foco"],"acf":[],"_links":{"self":[{"href":"https:\/\/www.notibras.com\/site\/wp-json\/wp\/v2\/posts\/352537","targetHints":{"allow":["GET"]}}],"collection":[{"href":"https:\/\/www.notibras.com\/site\/wp-json\/wp\/v2\/posts"}],"about":[{"href":"https:\/\/www.notibras.com\/site\/wp-json\/wp\/v2\/types\/post"}],"author":[{"embeddable":true,"href":"https:\/\/www.notibras.com\/site\/wp-json\/wp\/v2\/users\/2"}],"replies":[{"embeddable":true,"href":"https:\/\/www.notibras.com\/site\/wp-json\/wp\/v2\/comments?post=352537"}],"version-history":[{"count":1,"href":"https:\/\/www.notibras.com\/site\/wp-json\/wp\/v2\/posts\/352537\/revisions"}],"predecessor-version":[{"id":352538,"href":"https:\/\/www.notibras.com\/site\/wp-json\/wp\/v2\/posts\/352537\/revisions\/352538"}],"wp:featuredmedia":[{"embeddable":true,"href":"https:\/\/www.notibras.com\/site\/wp-json\/wp\/v2\/media\/277932"}],"wp:attachment":[{"href":"https:\/\/www.notibras.com\/site\/wp-json\/wp\/v2\/media?parent=352537"}],"wp:term":[{"taxonomy":"category","embeddable":true,"href":"https:\/\/www.notibras.com\/site\/wp-json\/wp\/v2\/categories?post=352537"},{"taxonomy":"post_tag","embeddable":true,"href":"https:\/\/www.notibras.com\/site\/wp-json\/wp\/v2\/tags?post=352537"}],"curies":[{"name":"wp","href":"https:\/\/api.w.org\/{rel}","templated":true}]}}