{"id":352585,"date":"2025-04-23T09:13:12","date_gmt":"2025-04-23T12:13:12","guid":{"rendered":"https:\/\/www.notibras.com\/site\/?p=352585"},"modified":"2025-04-23T09:14:07","modified_gmt":"2025-04-23T12:14:07","slug":"onda-de-calor-sobe-do-sudeste-e-aquece-ainda-mais-a-regiao-nordeste","status":"publish","type":"post","link":"https:\/\/www.notibras.com\/site\/onda-de-calor-sobe-do-sudeste-e-aquece-ainda-mais-a-regiao-nordeste\/","title":{"rendered":"Onda de calor sobe do Sudeste e aquece ainda mais a regi\u00e3o Nordeste"},"content":{"rendered":"<p>Era uma vez um ver\u00e3o que esqueceu de ir embora. Instalou-se feito parente distante que chega para um fim de semana e decide ficar o m\u00eas todo. No Sudeste e no Nordeste do Brasil, o calor bate \u00e0 porta sem cerim\u00f4nia, entra com os p\u00e9s suados e se espalha pela casa toda \u2014 do ch\u00e3o da cozinha ao travesseiro da noite.<\/p>\n<p>Na esquina, o vendedor de picol\u00e9 j\u00e1 n\u00e3o d\u00e1 conta da demanda. As sombras das \u00e1rvores viraram im\u00f3veis disputados, e at\u00e9 os passarinhos parecem cansados, piando baixo, como quem reclama: \u201cMas esse sol n\u00e3o cansa, n\u00e3o?\u201d<\/p>\n<p>As not\u00edcias dizem: onda de calor. Mas parece mais uma mar\u00e9 estacionada no tempo, uma sauna ao ar livre que nos lembra, a cada gota de suor, que algo est\u00e1 fora do lugar. O ventilador virou her\u00f3i dom\u00e9stico. O ar-condicionado, item de luxo. E o chuveiro, aquele amigo fiel, agora s\u00f3 trabalha no modo \u201cfrio total\u201d.<\/p>\n<p>As roupas diminu\u00edram, a paci\u00eancia tamb\u00e9m. O corpo pede sombra, \u00e1gua fresca, talvez at\u00e9 um pouco de chuva para variar o enredo. Mas ela, a onda, permanece. Persistente. Como se dissesse: \u201cAcostume-se.\u201d<\/p>\n<p>Enquanto isso, seguimos derretendo um pouco a cada dia. E torcendo, com a testa suada e o cora\u00e7\u00e3o quente, para que o outono lembre de cumprir seu papel e traga consigo um vento que refresque a alma \u2014 e o pa\u00eds inteiro.<\/p>\n","protected":false},"excerpt":{"rendered":"<p>Era uma vez um ver\u00e3o que esqueceu de ir embora. Instalou-se feito parente distante que chega para um fim de semana e decide ficar o m\u00eas todo. No Sudeste e no Nordeste do Brasil, o calor bate \u00e0 porta sem cerim\u00f4nia, entra com os p\u00e9s suados e se espalha pela casa toda \u2014 do ch\u00e3o [&hellip;]<\/p>\n","protected":false},"author":2,"featured_media":352586,"comment_status":"closed","ping_status":"closed","sticky":false,"template":"","format":"standard","meta":{"_acf_changed":false,"footnotes":""},"categories":[165],"tags":[],"class_list":["post-352585","post","type-post","status-publish","format-standard","has-post-thumbnail","hentry","category-nordeste"],"acf":[],"_links":{"self":[{"href":"https:\/\/www.notibras.com\/site\/wp-json\/wp\/v2\/posts\/352585","targetHints":{"allow":["GET"]}}],"collection":[{"href":"https:\/\/www.notibras.com\/site\/wp-json\/wp\/v2\/posts"}],"about":[{"href":"https:\/\/www.notibras.com\/site\/wp-json\/wp\/v2\/types\/post"}],"author":[{"embeddable":true,"href":"https:\/\/www.notibras.com\/site\/wp-json\/wp\/v2\/users\/2"}],"replies":[{"embeddable":true,"href":"https:\/\/www.notibras.com\/site\/wp-json\/wp\/v2\/comments?post=352585"}],"version-history":[{"count":2,"href":"https:\/\/www.notibras.com\/site\/wp-json\/wp\/v2\/posts\/352585\/revisions"}],"predecessor-version":[{"id":352588,"href":"https:\/\/www.notibras.com\/site\/wp-json\/wp\/v2\/posts\/352585\/revisions\/352588"}],"wp:featuredmedia":[{"embeddable":true,"href":"https:\/\/www.notibras.com\/site\/wp-json\/wp\/v2\/media\/352586"}],"wp:attachment":[{"href":"https:\/\/www.notibras.com\/site\/wp-json\/wp\/v2\/media?parent=352585"}],"wp:term":[{"taxonomy":"category","embeddable":true,"href":"https:\/\/www.notibras.com\/site\/wp-json\/wp\/v2\/categories?post=352585"},{"taxonomy":"post_tag","embeddable":true,"href":"https:\/\/www.notibras.com\/site\/wp-json\/wp\/v2\/tags?post=352585"}],"curies":[{"name":"wp","href":"https:\/\/api.w.org\/{rel}","templated":true}]}}