{"id":352589,"date":"2025-04-23T09:00:54","date_gmt":"2025-04-23T12:00:54","guid":{"rendered":"https:\/\/www.notibras.com\/site\/?p=352589"},"modified":"2025-04-23T09:19:13","modified_gmt":"2025-04-23T12:19:13","slug":"com-praias-paradisiacas-surf-nordestino-conquista-cada-vez-mais-espaco","status":"publish","type":"post","link":"https:\/\/www.notibras.com\/site\/com-praias-paradisiacas-surf-nordestino-conquista-cada-vez-mais-espaco\/","title":{"rendered":"Com praias paradis\u00edacas, surf nordestino conquista cada vez mais espa\u00e7o"},"content":{"rendered":"<p>O Nordeste brasileiro, conhecido por suas paisagens deslumbrantes e clima quente o ano inteiro, tamb\u00e9m se destaca por outro atrativo: suas ondas. De Ba\u00eda Formosa (RN) a Itacar\u00e9 (BA), o surf tem ganhado for\u00e7a como esporte, estilo de vida e motor do turismo em diversas comunidades litor\u00e2neas.<\/p>\n<p>Nos \u00faltimos anos, nomes como \u00cdtalo Ferreira, natural do Rio Grande do Norte, colocaram o surf nordestino no mapa do mundo. Campe\u00e3o mundial em 2019 e medalhista de ouro nas Olimp\u00edadas de T\u00f3quio, \u00cdtalo \u00e9 s\u00edmbolo de uma gera\u00e7\u00e3o que cresceu longe dos grandes centros, mas muito perto do mar.<br \/>\n&#8220;Surfava com tampas de isopor e peda\u00e7os de madeira&#8221;, contou \u00cdtalo em entrevistas. Sua hist\u00f3ria inspira jovens de todo o litoral nordestino, que hoje t\u00eam acesso a mais escolas de surf, campeonatos regionais e apoio de projetos sociais.<\/p>\n<p>Mais que um esporte, o surf no Nordeste \u00e9 um modo de vida. Em lugares como Canoa Quebrada (CE) e Maraca\u00edpe (PE), a prancha \u00e9 quase extens\u00e3o do corpo de moradores e visitantes. Surfistas convivem com jangadeiros, m\u00fasicos e artes\u00e3os, formando uma cultura \u00fanica, marcada pela resist\u00eancia e criatividade.<\/p>\n<p>Com o crescimento da popularidade do surf, o turismo esportivo tamb\u00e9m se fortalece. Pousadas, lojas de equipamentos e escolas de surf movimentam a economia local, especialmente na alta temporada. Eventos como o CBSurf Pro Tour atraem competidores e p\u00fablico de todo o Brasil.<\/p>\n<p>Apesar dos avan\u00e7os, o surf nordestino tamb\u00e9m enfrenta desafios. A polui\u00e7\u00e3o, o avan\u00e7o da especula\u00e7\u00e3o imobili\u00e1ria e a falta de pol\u00edticas p\u00fablicas amea\u00e7am alguns dos picos mais promissores. Ativistas e surfistas se mobilizam para proteger o litoral e garantir que as pr\u00f3ximas gera\u00e7\u00f5es tamb\u00e9m possam pegar onda.<\/p>\n<p>O Nordeste se firma como pot\u00eancia do surf nacional, combinando talento, beleza natural e uma cultura rica. Com investimentos certos e preserva\u00e7\u00e3o ambiental, a regi\u00e3o pode continuar revelando talentos e encantando o mundo com suas ondas.<\/p>\n","protected":false},"excerpt":{"rendered":"<p>O Nordeste brasileiro, conhecido por suas paisagens deslumbrantes e clima quente o ano inteiro, tamb\u00e9m se destaca por outro atrativo: suas ondas. De Ba\u00eda Formosa (RN) a Itacar\u00e9 (BA), o surf tem ganhado for\u00e7a como esporte, estilo de vida e motor do turismo em diversas comunidades litor\u00e2neas. Nos \u00faltimos anos, nomes como \u00cdtalo Ferreira, natural [&hellip;]<\/p>\n","protected":false},"author":2,"featured_media":352590,"comment_status":"closed","ping_status":"closed","sticky":false,"template":"","format":"standard","meta":{"_acf_changed":false,"footnotes":""},"categories":[165],"tags":[],"class_list":["post-352589","post","type-post","status-publish","format-standard","has-post-thumbnail","hentry","category-nordeste"],"acf":[],"_links":{"self":[{"href":"https:\/\/www.notibras.com\/site\/wp-json\/wp\/v2\/posts\/352589","targetHints":{"allow":["GET"]}}],"collection":[{"href":"https:\/\/www.notibras.com\/site\/wp-json\/wp\/v2\/posts"}],"about":[{"href":"https:\/\/www.notibras.com\/site\/wp-json\/wp\/v2\/types\/post"}],"author":[{"embeddable":true,"href":"https:\/\/www.notibras.com\/site\/wp-json\/wp\/v2\/users\/2"}],"replies":[{"embeddable":true,"href":"https:\/\/www.notibras.com\/site\/wp-json\/wp\/v2\/comments?post=352589"}],"version-history":[{"count":1,"href":"https:\/\/www.notibras.com\/site\/wp-json\/wp\/v2\/posts\/352589\/revisions"}],"predecessor-version":[{"id":352591,"href":"https:\/\/www.notibras.com\/site\/wp-json\/wp\/v2\/posts\/352589\/revisions\/352591"}],"wp:featuredmedia":[{"embeddable":true,"href":"https:\/\/www.notibras.com\/site\/wp-json\/wp\/v2\/media\/352590"}],"wp:attachment":[{"href":"https:\/\/www.notibras.com\/site\/wp-json\/wp\/v2\/media?parent=352589"}],"wp:term":[{"taxonomy":"category","embeddable":true,"href":"https:\/\/www.notibras.com\/site\/wp-json\/wp\/v2\/categories?post=352589"},{"taxonomy":"post_tag","embeddable":true,"href":"https:\/\/www.notibras.com\/site\/wp-json\/wp\/v2\/tags?post=352589"}],"curies":[{"name":"wp","href":"https:\/\/api.w.org\/{rel}","templated":true}]}}