{"id":352595,"date":"2025-04-23T09:35:22","date_gmt":"2025-04-23T12:35:22","guid":{"rendered":"https:\/\/www.notibras.com\/site\/?p=352595"},"modified":"2025-04-23T09:35:22","modified_gmt":"2025-04-23T12:35:22","slug":"causos-e-intrigas-acontecidas-em-botequim","status":"publish","type":"post","link":"https:\/\/www.notibras.com\/site\/causos-e-intrigas-acontecidas-em-botequim\/","title":{"rendered":"Causos e intrigas acontecidas em botequim"},"content":{"rendered":"<p>H\u00e1 gente para todos os gostos, ainda mais enquanto numa mesa de botequim. Desde completos ign\u00f3beis aos mais not\u00e1veis fil\u00f3sofos de 51 ou Pit\u00fa. Em um ponto entre tais extremos, est\u00e1 o Dirceu, mais afeito aos destilados do que aos fermentados.<\/p>\n<p>\u2014 Sou fiel a qualquer nova experi\u00eancia que me atraia.<\/p>\n<p>\u2014 Tipo o qu\u00ea, Dirceu?<\/p>\n<p>\u2014 Prefiro a incerteza do desconhecido \u00e0 mesmice do cotidiano.<\/p>\n<p>Creio que a maioria dos que o aplaudem nem entende o real significado do dito, assim como a quase totalidade daqueles que o vaiam. Dirceu parece ter vindo a este mundo com prop\u00f3sito quase g\u00eameo ao do saudoso Abelardo Barbosa, aquele mesmo que o povo dizia que estava com tudo e, nem por isso, ficava prosa. &#8220;Eu vim para confundir, n\u00e3o para explicar!&#8221;<\/p>\n<p>Outra figura interessante \u00e9 o Manuel, vulgo Arrependido. Por qu\u00ea? \u00c9 que o sujeito bebe todas e mais algumas nos finais de semana, mas, j\u00e1 nas manh\u00e3s das ingratas segundas-feiras, pode ser visto com uma B\u00edblia debaixo do bra\u00e7o, pregando para quem estiver disposto a ouvi-lo. Desse modo, tirando os desavisados, ningu\u00e9m \u00e9 besta de parar para escutar tamanha ladainha. Seja como for, basta o rel\u00f3gio apontar 18h na sexta-feira seguinte para que o Arrependido volte a pisar no solo sagrado da senhora cacha\u00e7a. E digo mais: sem qualquer resqu\u00edcio de arrependimento!<\/p>\n<p>Por falar no Arrependido, n\u00e3o tem como deixar de mencionar a Santinha, cujo nome vou manter em segredo at\u00e9 mesmo para proteger a mo\u00e7a de certos coment\u00e1rios que, n\u00e3o tenho a menor d\u00favida, seriam todos maldosos. Pois \u00e9, a Ludmila&#8230; Eita! Escapuliu! Tamb\u00e9m, quem mandou a guria n\u00e3o se comportar?<\/p>\n<p>Voc\u00ea deve estar se perguntando o porqu\u00ea do tal apelido. Bem, \u00e9 que a Ludmila, mulher casada com o Onofre, de vez em quando, aparece acompanhada do marido. Para entender melhor a hist\u00f3ria, vale a pena informar que o gajo tamb\u00e9m tem um codinome: Soneca.<\/p>\n<p>Creio at\u00e9 que voc\u00ea j\u00e1 deve ter percebido que o nosso Soneca \u00e9 do tipo que, quando bebe al\u00e9m da conta, adormece em ber\u00e7o espl\u00eandido, no caso, deposita a face sobre a mesa e ronca a plenos pulm\u00f5es, como se estivesse em casa. Pois \u00e9 justamente nessas horas que a Santinha, talvez estimulada pelas caipirinhas, come\u00e7a a se atirar para cima do primeiro sujeito dispon\u00edvel.<\/p>\n<p>N\u00e3o vou ser maldoso ao ponto de afirmar que tais flertes foram al\u00e9m de piscadelas, sorrisos e toques de p\u00e9s maliciosos sob a prote\u00e7\u00e3o divina da mesa. Se vi ou n\u00e3o algo al\u00e9m disso, prefiro me abster, mesmo porque, como j\u00e1 li num para-choque de caminh\u00e3o, que Deus deu a vida para cada um cuidar da sua. Entretanto, como aprendi com minha finada av\u00f3, n\u00e3o coloco a m\u00e3o no fogo nem por mim, quem dir\u00e1 pros outros.<\/p>\n<p>&#8230;&#8230;&#8230;&#8230;&#8230;&#8230;&#8230;&#8230;&#8230;&#8230;&#8230;..<\/p>\n<p><strong>Eduardo Mart\u00ednez \u00e9 autor do livro 57 Contos e Cr\u00f4nicas por um Autor Muito Velho\u2019<\/strong><\/p>\n<p>Compre aqui\u00a0<span class=\"x19la9d6 x1fc57z9 x6ikm8r x10wlt62 x19co3pv x1g5zs5t xfibh0p xiy17q3 x1xsqp64 x1lkfr7t xexx8yu x4uap5 x18d9i69 xkhd6sd\"><span class=\"xrtxmta x1bhl96m\"><img decoding=\"async\" class=\"emoji\" role=\"img\" draggable=\"false\" src=\"https:\/\/s.w.org\/images\/core\/emoji\/15.0.3\/svg\/1f447-1f3ff.svg\" alt=\"&#x1f447;&#x1f3ff;\" \/><\/span><\/span><\/p>\n<p><a href=\"https:\/\/www.joanineditora.com.br\/57-contos-e-cronicas-por-um-autor-muito-velho\">https:\/\/www.joanineditora.com.br\/57-contos-e-cronicas-por-um-autor-muito-velho<\/a><\/p>\n","protected":false},"excerpt":{"rendered":"<p>H\u00e1 gente para todos os gostos, ainda mais enquanto numa mesa de botequim. Desde completos ign\u00f3beis aos mais not\u00e1veis fil\u00f3sofos de 51 ou Pit\u00fa. Em um ponto entre tais extremos, est\u00e1 o Dirceu, mais afeito aos destilados do que aos fermentados. \u2014 Sou fiel a qualquer nova experi\u00eancia que me atraia. \u2014 Tipo o qu\u00ea, [&hellip;]<\/p>\n","protected":false},"author":2,"featured_media":352596,"comment_status":"closed","ping_status":"closed","sticky":false,"template":"","format":"standard","meta":{"_acf_changed":false,"footnotes":""},"categories":[161],"tags":[],"class_list":["post-352595","post","type-post","status-publish","format-standard","has-post-thumbnail","hentry","category-quadradinho-em-foco"],"acf":[],"_links":{"self":[{"href":"https:\/\/www.notibras.com\/site\/wp-json\/wp\/v2\/posts\/352595","targetHints":{"allow":["GET"]}}],"collection":[{"href":"https:\/\/www.notibras.com\/site\/wp-json\/wp\/v2\/posts"}],"about":[{"href":"https:\/\/www.notibras.com\/site\/wp-json\/wp\/v2\/types\/post"}],"author":[{"embeddable":true,"href":"https:\/\/www.notibras.com\/site\/wp-json\/wp\/v2\/users\/2"}],"replies":[{"embeddable":true,"href":"https:\/\/www.notibras.com\/site\/wp-json\/wp\/v2\/comments?post=352595"}],"version-history":[{"count":1,"href":"https:\/\/www.notibras.com\/site\/wp-json\/wp\/v2\/posts\/352595\/revisions"}],"predecessor-version":[{"id":352597,"href":"https:\/\/www.notibras.com\/site\/wp-json\/wp\/v2\/posts\/352595\/revisions\/352597"}],"wp:featuredmedia":[{"embeddable":true,"href":"https:\/\/www.notibras.com\/site\/wp-json\/wp\/v2\/media\/352596"}],"wp:attachment":[{"href":"https:\/\/www.notibras.com\/site\/wp-json\/wp\/v2\/media?parent=352595"}],"wp:term":[{"taxonomy":"category","embeddable":true,"href":"https:\/\/www.notibras.com\/site\/wp-json\/wp\/v2\/categories?post=352595"},{"taxonomy":"post_tag","embeddable":true,"href":"https:\/\/www.notibras.com\/site\/wp-json\/wp\/v2\/tags?post=352595"}],"curies":[{"name":"wp","href":"https:\/\/api.w.org\/{rel}","templated":true}]}}