{"id":352598,"date":"2025-04-23T00:37:40","date_gmt":"2025-04-23T03:37:40","guid":{"rendered":"https:\/\/www.notibras.com\/site\/?p=352598"},"modified":"2025-04-23T09:40:46","modified_gmt":"2025-04-23T12:40:46","slug":"oficiais-de-justica-estao-a-um-passo-de-terem-porte-de-arma","status":"publish","type":"post","link":"https:\/\/www.notibras.com\/site\/oficiais-de-justica-estao-a-um-passo-de-terem-porte-de-arma\/","title":{"rendered":"Oficiais de justi\u00e7a est\u00e3o a um passo de terem porte de arma"},"content":{"rendered":"<p>A Comiss\u00e3o de Seguran\u00e7a P\u00fablica e Combate ao Crime Organizado da C\u00e2mara dos Deputados aprovou nesta ter\u00e7a-feira (22) parecer favor\u00e1vel ao projeto de lei que autoriza o porte de armas de fogo para oficiais de justi\u00e7a e agentes socioeducativos.<\/p>\n<p>O Projeto de Lei (PL) 4.256\/2019, do senador Fabiano Contarato (PT-ES), j\u00e1 foi aprovado pela Comiss\u00e3o de Constitui\u00e7\u00e3o e Justi\u00e7a (CCJ) do Senado.<\/p>\n<p>Ao modificar o Estatuto do Desarmamento (Lei 10.826 de 2003), que regula a posse, o porte e a comercializa\u00e7\u00e3o de armas de fogo no Brasil, a proposta visa incluir expressamente esses profissionais entre os autorizados a portar arma de fogo, dadas as peculiaridades e riscos inerentes ao exerc\u00edcio de suas fun\u00e7\u00f5es.<\/p>\n<p>O relator da mat\u00e9ria, deputado Sanderson (PL-RS), destacou que, atualmente, os agentes socioeducativos de seguran\u00e7a exercem fun\u00e7\u00f5es an\u00e1logas \u00e0s dos policiais penais, lidando com adolescentes em conflito com a lei em unidades de interna\u00e7\u00e3o, muitas vezes em ambientes de grande tens\u00e3o e vulnerabilidade. Ele tamb\u00e9m destacou que os oficiais de justi\u00e7a realizam dilig\u00eancias em locais muitas vezes ermos ou de alta periculosidade, incluindo o cumprimento de mandados de busca, pris\u00e3o, reintegra\u00e7\u00e3o de posse e medidas protetivas.<\/p>\n<p>\u201cO reconhecimento do porte de arma para essas categorias n\u00e3o apenas promove a sua prote\u00e7\u00e3o pessoal, como tamb\u00e9m refor\u00e7a a autoridade do Estado no cumprimento da lei e no exerc\u00edcio das suas fun\u00e7\u00f5es essenciais \u00e0 Justi\u00e7a e \u00e0 seguran\u00e7a p\u00fablica\u201d, disse o deputado.<\/p>\n<p>O projeto ainda deve passar por an\u00e1lise da Comiss\u00e3o de Finan\u00e7as e Tributa\u00e7\u00e3o e da Comiss\u00e3o de Constitui\u00e7\u00e3o e Justi\u00e7a da C\u00e2mara.<\/p>\n","protected":false},"excerpt":{"rendered":"<p>A Comiss\u00e3o de Seguran\u00e7a P\u00fablica e Combate ao Crime Organizado da C\u00e2mara dos Deputados aprovou nesta ter\u00e7a-feira (22) parecer favor\u00e1vel ao projeto de lei que autoriza o porte de armas de fogo para oficiais de justi\u00e7a e agentes socioeducativos. O Projeto de Lei (PL) 4.256\/2019, do senador Fabiano Contarato (PT-ES), j\u00e1 foi aprovado pela Comiss\u00e3o [&hellip;]<\/p>\n","protected":false},"author":2,"featured_media":352599,"comment_status":"closed","ping_status":"closed","sticky":false,"template":"","format":"standard","meta":{"_acf_changed":false,"footnotes":""},"categories":[161],"tags":[],"class_list":["post-352598","post","type-post","status-publish","format-standard","has-post-thumbnail","hentry","category-quadradinho-em-foco"],"acf":[],"_links":{"self":[{"href":"https:\/\/www.notibras.com\/site\/wp-json\/wp\/v2\/posts\/352598","targetHints":{"allow":["GET"]}}],"collection":[{"href":"https:\/\/www.notibras.com\/site\/wp-json\/wp\/v2\/posts"}],"about":[{"href":"https:\/\/www.notibras.com\/site\/wp-json\/wp\/v2\/types\/post"}],"author":[{"embeddable":true,"href":"https:\/\/www.notibras.com\/site\/wp-json\/wp\/v2\/users\/2"}],"replies":[{"embeddable":true,"href":"https:\/\/www.notibras.com\/site\/wp-json\/wp\/v2\/comments?post=352598"}],"version-history":[{"count":1,"href":"https:\/\/www.notibras.com\/site\/wp-json\/wp\/v2\/posts\/352598\/revisions"}],"predecessor-version":[{"id":352600,"href":"https:\/\/www.notibras.com\/site\/wp-json\/wp\/v2\/posts\/352598\/revisions\/352600"}],"wp:featuredmedia":[{"embeddable":true,"href":"https:\/\/www.notibras.com\/site\/wp-json\/wp\/v2\/media\/352599"}],"wp:attachment":[{"href":"https:\/\/www.notibras.com\/site\/wp-json\/wp\/v2\/media?parent=352598"}],"wp:term":[{"taxonomy":"category","embeddable":true,"href":"https:\/\/www.notibras.com\/site\/wp-json\/wp\/v2\/categories?post=352598"},{"taxonomy":"post_tag","embeddable":true,"href":"https:\/\/www.notibras.com\/site\/wp-json\/wp\/v2\/tags?post=352598"}],"curies":[{"name":"wp","href":"https:\/\/api.w.org\/{rel}","templated":true}]}}