{"id":352604,"date":"2025-04-23T08:55:11","date_gmt":"2025-04-23T11:55:11","guid":{"rendered":"https:\/\/www.notibras.com\/site\/?p=352604"},"modified":"2025-04-23T09:56:50","modified_gmt":"2025-04-23T12:56:50","slug":"operacao-da-pf-apura-descontos-irregulares-em-beneficios-do-inss","status":"publish","type":"post","link":"https:\/\/www.notibras.com\/site\/operacao-da-pf-apura-descontos-irregulares-em-beneficios-do-inss\/","title":{"rendered":"Opera\u00e7\u00e3o da PF apura descontos irregulares em benef\u00edcios do INSS"},"content":{"rendered":"<p>A Pol\u00edcia Federal (PF) e a Controladoria-Geral da Uni\u00e3o (CGU) deflagraram nesta quarta-feira (23) em Bras\u00edlia e outras unidades da Federa\u00e7\u00e3o a Opera\u00e7\u00e3o Sem Desconto para combater um esquema de descontos associativos n\u00e3o autorizados em aposentadorias e pens\u00f5es. O c\u00e1lculo \u00e9 que entidades investigadas tenham descontado de aposentados e pensionistas cerca de R$ 6,3 bilh\u00f5es entre 2019 e 2024. Seis servidores p\u00fablicos foram afastados de suas fun\u00e7\u00f5es.<\/p>\n<p>Cerca de 700 policiais federais e 80 servidores da CGU cumprem 211 mandados judiciais de busca e apreens\u00e3o, ordens de sequestro de bens no valor de mais de R$ 1 bilh\u00e3o e seis mandados de pris\u00e3o tempor\u00e1ria, al\u00e9m do DF, nos seguintes estados: Alagoas, Amazonas, Cear\u00e1, Goi\u00e1s, Maranh\u00e3o, Mato Grosso do Sul, Minas Gerais, Paran\u00e1, Pernambuco, Rio Grande do Norte, Rio Grande do Sul, S\u00e3o Paulo e Sergipe.<\/p>\n<p>Em nota, a PF informou que as investiga\u00e7\u00f5es identificaram a exist\u00eancia de irregularidades relacionadas aos descontos de mensalidades associativas aplicados sobre benef\u00edcios previdenci\u00e1rios, principalmente aposentadorias e pens\u00f5es, concedidos pelo Instituto Nacional do Seguro Social (INSS).<\/p>\n<p>\u201cAt\u00e9 o momento, as entidades cobraram de aposentados e pensionistas o valor estimado de R$ 6,3 bilh\u00f5es, no per\u00edodo entre 2019 e 2024\u201d, destacou a corpora\u00e7\u00e3o. Os investigados poder\u00e3o responder pelos crimes de corrup\u00e7\u00e3o ativa, corrup\u00e7\u00e3o passiva, viola\u00e7\u00e3o de sigilo funcional, falsifica\u00e7\u00e3o de documento, organiza\u00e7\u00e3o criminosa e lavagem de capitais.<\/p>\n","protected":false},"excerpt":{"rendered":"<p>A Pol\u00edcia Federal (PF) e a Controladoria-Geral da Uni\u00e3o (CGU) deflagraram nesta quarta-feira (23) em Bras\u00edlia e outras unidades da Federa\u00e7\u00e3o a Opera\u00e7\u00e3o Sem Desconto para combater um esquema de descontos associativos n\u00e3o autorizados em aposentadorias e pens\u00f5es. O c\u00e1lculo \u00e9 que entidades investigadas tenham descontado de aposentados e pensionistas cerca de R$ 6,3 bilh\u00f5es [&hellip;]<\/p>\n","protected":false},"author":2,"featured_media":350381,"comment_status":"closed","ping_status":"closed","sticky":false,"template":"","format":"standard","meta":{"_acf_changed":false,"footnotes":""},"categories":[161],"tags":[],"class_list":["post-352604","post","type-post","status-publish","format-standard","has-post-thumbnail","hentry","category-quadradinho-em-foco"],"acf":[],"_links":{"self":[{"href":"https:\/\/www.notibras.com\/site\/wp-json\/wp\/v2\/posts\/352604","targetHints":{"allow":["GET"]}}],"collection":[{"href":"https:\/\/www.notibras.com\/site\/wp-json\/wp\/v2\/posts"}],"about":[{"href":"https:\/\/www.notibras.com\/site\/wp-json\/wp\/v2\/types\/post"}],"author":[{"embeddable":true,"href":"https:\/\/www.notibras.com\/site\/wp-json\/wp\/v2\/users\/2"}],"replies":[{"embeddable":true,"href":"https:\/\/www.notibras.com\/site\/wp-json\/wp\/v2\/comments?post=352604"}],"version-history":[{"count":1,"href":"https:\/\/www.notibras.com\/site\/wp-json\/wp\/v2\/posts\/352604\/revisions"}],"predecessor-version":[{"id":352605,"href":"https:\/\/www.notibras.com\/site\/wp-json\/wp\/v2\/posts\/352604\/revisions\/352605"}],"wp:featuredmedia":[{"embeddable":true,"href":"https:\/\/www.notibras.com\/site\/wp-json\/wp\/v2\/media\/350381"}],"wp:attachment":[{"href":"https:\/\/www.notibras.com\/site\/wp-json\/wp\/v2\/media?parent=352604"}],"wp:term":[{"taxonomy":"category","embeddable":true,"href":"https:\/\/www.notibras.com\/site\/wp-json\/wp\/v2\/categories?post=352604"},{"taxonomy":"post_tag","embeddable":true,"href":"https:\/\/www.notibras.com\/site\/wp-json\/wp\/v2\/tags?post=352604"}],"curies":[{"name":"wp","href":"https:\/\/api.w.org\/{rel}","templated":true}]}}