{"id":352609,"date":"2025-04-23T08:08:01","date_gmt":"2025-04-23T11:08:01","guid":{"rendered":"https:\/\/www.notibras.com\/site\/?p=352609"},"modified":"2025-04-23T10:10:23","modified_gmt":"2025-04-23T13:10:23","slug":"floracao-das-paineiras-embeleza-ainda-mais-as-ruas-e-areas-publicas","status":"publish","type":"post","link":"https:\/\/www.notibras.com\/site\/floracao-das-paineiras-embeleza-ainda-mais-as-ruas-e-areas-publicas\/","title":{"rendered":"Flora\u00e7\u00e3o das paineiras embeleza ainda mais as ruas e \u00e1reas p\u00fablicas"},"content":{"rendered":"<p>A flora\u00e7\u00e3o da paineira rosa, \u00e1rvore ornamental de grande porte conhecida pelo tronco abaulado e pelas flores vistosas, j\u00e1 colore o Distrito Federal desde fevereiro e vai at\u00e9 junho. A esp\u00e9cie Chorisia speciosa \u00e9 plantada pela Companhia Urbanizadora da Nova Capital (Novacap) em projetos de arboriza\u00e7\u00e3o urbana durante o in\u00edcio do per\u00edodo chuvoso, pois se adapta bem ao clima do Cerrado. A \u00e1rvore chama aten\u00e7\u00e3o pela beleza das flores que tomam conta da copa enquanto perde as folhas.<\/p>\n<p>Origin\u00e1ria da Am\u00e9rica do Sul, especialmente das regi\u00f5es Leste e Sul do Brasil, a esp\u00e9cie \u00e9 amplamente usada na arboriza\u00e7\u00e3o das nossas cidades. Tamb\u00e9m conhecida como barriguda, devido ao formato caracter\u00edstico do tronco, que se alarga na base. O caule e os troncos t\u00eam pequenas sali\u00eancias semelhantes a espinhos. Com copa ampla e arredondada, a \u00e1rvore atinge grande porte e produz uma intensa flora\u00e7\u00e3o rosada, com varia\u00e7\u00f5es mais claras ou mais escuras entre os exemplares. Em alguns casos, as flores podem ser brancas.<\/p>\n<p>Ap\u00f3s a flora\u00e7\u00e3o, aparecem os frutos maduros e surge a paina, uma fibra branca que envolve as sementes e \u00e9 dispersa pelo vento, o que originou o nome \u201cpaineira\u201d. De acordo com o engenheiro florestal da Novacap, Leonardo Rangel da Costa, as fibras j\u00e1 foram usadas pela ind\u00fastria para encher travesseiros.<\/p>\n<p>O tempo m\u00e9dio para que a \u00e1rvore comece a florir varia entre cinco e dez anos ap\u00f3s o plantio, dependendo das condi\u00e7\u00f5es do solo e do ambiente e podem ser encontrados em diversas regi\u00f5es administrativas do DF, como a Epia, a Vila Planalto, a L4 Norte e o Setor de Oficinas Norte. Segundo o engenheiro florestal, a paineira tem um papel ecol\u00f3gico importante na atra\u00e7\u00e3o da fauna local, como aves, borboletas, morcegos e beija-flores, que ajudam na poliniza\u00e7\u00e3o. \u201cEla tamb\u00e9m armazena \u00e1gua no tronco, o que \u00e9 uma adapta\u00e7\u00e3o ao clima do Cerrado\u201d, explica.<\/p>\n<p>A companhia cultiva em m\u00e9dia anualmente cerca de 100 mil mudas de diversas esp\u00e9cies, incluindo a paineira rosa tamb\u00e9m sendo cultivadas nos viveiros da Novacap. A escolha do local para plantio leva em conta as caracter\u00edsticas da esp\u00e9cie, que possui ra\u00edzes grandes e requer solo perme\u00e1vel para evitar danos a cal\u00e7adas e infraestruturas. Al\u00e9m da paineira rosa, outras esp\u00e9cies floridas contribuem para o visual da cidade entre mar\u00e7o e abril. S\u00e3o elas: quaresmeira rosa e roxa (Tibouchina granulosa), bau\u00ednia ou pata-de-vaca (Bauhinia variegata e Bauhinia blakeana), chich\u00e1 (Sterculia striata) e lofantera (Lophantera lactescens).<\/p>\n<p>Destruir, danificar ou prejudicar plantas em \u00e1reas p\u00fablicas ou privadas constitui crime, previsto na Lei n\u00ba 9.605\/1998 (Lei de Crimes Ambientais). A puni\u00e7\u00e3o prevista pode ser de deten\u00e7\u00e3o, variando de tr\u00eas meses a um ano, ou multa, com a possibilidade de aplica\u00e7\u00e3o das duas penalidades simultaneamente. Para denunciar atos de vandalismo ou furtos, a popula\u00e7\u00e3o pode entrar em contato com a Ouvidoria da Novacap, pelo telefone 3403-2626, ou com a Pol\u00edcia Civil, por meio do n\u00famero 197.<\/p>\n","protected":false},"excerpt":{"rendered":"<p>A flora\u00e7\u00e3o da paineira rosa, \u00e1rvore ornamental de grande porte conhecida pelo tronco abaulado e pelas flores vistosas, j\u00e1 colore o Distrito Federal desde fevereiro e vai at\u00e9 junho. A esp\u00e9cie Chorisia speciosa \u00e9 plantada pela Companhia Urbanizadora da Nova Capital (Novacap) em projetos de arboriza\u00e7\u00e3o urbana durante o in\u00edcio do per\u00edodo chuvoso, pois se [&hellip;]<\/p>\n","protected":false},"author":2,"featured_media":352610,"comment_status":"closed","ping_status":"closed","sticky":false,"template":"","format":"standard","meta":{"_acf_changed":false,"footnotes":""},"categories":[161],"tags":[],"class_list":["post-352609","post","type-post","status-publish","format-standard","has-post-thumbnail","hentry","category-quadradinho-em-foco"],"acf":[],"_links":{"self":[{"href":"https:\/\/www.notibras.com\/site\/wp-json\/wp\/v2\/posts\/352609","targetHints":{"allow":["GET"]}}],"collection":[{"href":"https:\/\/www.notibras.com\/site\/wp-json\/wp\/v2\/posts"}],"about":[{"href":"https:\/\/www.notibras.com\/site\/wp-json\/wp\/v2\/types\/post"}],"author":[{"embeddable":true,"href":"https:\/\/www.notibras.com\/site\/wp-json\/wp\/v2\/users\/2"}],"replies":[{"embeddable":true,"href":"https:\/\/www.notibras.com\/site\/wp-json\/wp\/v2\/comments?post=352609"}],"version-history":[{"count":1,"href":"https:\/\/www.notibras.com\/site\/wp-json\/wp\/v2\/posts\/352609\/revisions"}],"predecessor-version":[{"id":352611,"href":"https:\/\/www.notibras.com\/site\/wp-json\/wp\/v2\/posts\/352609\/revisions\/352611"}],"wp:featuredmedia":[{"embeddable":true,"href":"https:\/\/www.notibras.com\/site\/wp-json\/wp\/v2\/media\/352610"}],"wp:attachment":[{"href":"https:\/\/www.notibras.com\/site\/wp-json\/wp\/v2\/media?parent=352609"}],"wp:term":[{"taxonomy":"category","embeddable":true,"href":"https:\/\/www.notibras.com\/site\/wp-json\/wp\/v2\/categories?post=352609"},{"taxonomy":"post_tag","embeddable":true,"href":"https:\/\/www.notibras.com\/site\/wp-json\/wp\/v2\/tags?post=352609"}],"curies":[{"name":"wp","href":"https:\/\/api.w.org\/{rel}","templated":true}]}}