{"id":352686,"date":"2025-04-24T05:07:23","date_gmt":"2025-04-24T08:07:23","guid":{"rendered":"https:\/\/www.notibras.com\/site\/?p=352686"},"modified":"2025-04-24T08:19:18","modified_gmt":"2025-04-24T11:19:18","slug":"revolucao-da-patinacao-no-asfalto-quente-chega-ao-nordeste","status":"publish","type":"post","link":"https:\/\/www.notibras.com\/site\/revolucao-da-patinacao-no-asfalto-quente-chega-ao-nordeste\/","title":{"rendered":"Revolu\u00e7\u00e3o da patina\u00e7\u00e3o no asfalto quente chega ao Nordeste"},"content":{"rendered":"<p>O sol escaldante do Nordeste nunca foi obst\u00e1culo para quem tem paix\u00e3o por rodinhas nos p\u00e9s. Em meio \u00e0s ladeiras hist\u00f3ricas, avenidas litor\u00e2neas e cal\u00e7ad\u00f5es urbanos, uma nova cena esportiva vem ganhando ritmo e visibilidade: a patina\u00e7\u00e3o de rua. Jovens e adultos est\u00e3o transformando o asfalto quente do sert\u00e3o e das capitais nordestinas em passarelas de estilo, resist\u00eancia e cultura.<\/p>\n<p>O que antes era visto apenas como lazer virou forma de express\u00e3o. Em bairros perif\u00e9ricos de cidades como Recife, Fortaleza e Salvador, coletivos de patinadores organizam encontros semanais, misturando manobras ousadas com o som dos pared\u00f5es e beats do brega-funk ou do trap local. A vibe \u00e9 de comunidade e inclus\u00e3o: \u201cAqui todo mundo desliza junto, independente da marca do patins ou da habilidade\u201d, conta Let\u00edcia Duarte, fundadora do coletivo Asfalto Crew, em Recife.<\/p>\n<p>As redes sociais aceleraram esse boom. Reels e TikToks de patinadores nordestinos viralizam com frequ\u00eancia, mostrando desde desafios de manobras at\u00e9 tutoriais de como adaptar o equipamento ao terreno acidentado. A moda acompanha o movimento: bermudas largas, camisetas estampadas, meias altas e capacetes estilizados viraram assinatura de quem desliza por essas bandas.<\/p>\n<p>Apesar do crescimento, a cena enfrenta desafios. A falta de infraestrutura urbana segura para a pr\u00e1tica do esporte ainda \u00e9 um gargalo. Ruas mal conservadas, aus\u00eancia de ciclovias e o preconceito com esportes urbanos limitam a expans\u00e3o. Mas a resposta vem na forma de resili\u00eancia. \u201cA gente j\u00e1 aprendeu a patinar no paralelo, agora s\u00f3 falta o apoio do poder p\u00fablico\u201d, diz Jefferson Lima, patinador de Macei\u00f3.<\/p>\n<p>Com festivais, competi\u00e7\u00f5es independentes e at\u00e9 marcas locais surgindo para apoiar a cultura, a patina\u00e7\u00e3o nordestina est\u00e1 longe de ser uma moda passageira. Ela \u00e9 movimento, arte e resist\u00eancia sobre rodas. E a cada deslize no asfalto, uma nova hist\u00f3ria se desenha \u2014 com suor, sol, e muito estilo.<\/p>\n","protected":false},"excerpt":{"rendered":"<p>O sol escaldante do Nordeste nunca foi obst\u00e1culo para quem tem paix\u00e3o por rodinhas nos p\u00e9s. Em meio \u00e0s ladeiras hist\u00f3ricas, avenidas litor\u00e2neas e cal\u00e7ad\u00f5es urbanos, uma nova cena esportiva vem ganhando ritmo e visibilidade: a patina\u00e7\u00e3o de rua. Jovens e adultos est\u00e3o transformando o asfalto quente do sert\u00e3o e das capitais nordestinas em passarelas [&hellip;]<\/p>\n","protected":false},"author":2,"featured_media":352687,"comment_status":"closed","ping_status":"closed","sticky":false,"template":"","format":"standard","meta":{"_acf_changed":false,"footnotes":""},"categories":[165],"tags":[],"class_list":["post-352686","post","type-post","status-publish","format-standard","has-post-thumbnail","hentry","category-nordeste"],"acf":[],"_links":{"self":[{"href":"https:\/\/www.notibras.com\/site\/wp-json\/wp\/v2\/posts\/352686","targetHints":{"allow":["GET"]}}],"collection":[{"href":"https:\/\/www.notibras.com\/site\/wp-json\/wp\/v2\/posts"}],"about":[{"href":"https:\/\/www.notibras.com\/site\/wp-json\/wp\/v2\/types\/post"}],"author":[{"embeddable":true,"href":"https:\/\/www.notibras.com\/site\/wp-json\/wp\/v2\/users\/2"}],"replies":[{"embeddable":true,"href":"https:\/\/www.notibras.com\/site\/wp-json\/wp\/v2\/comments?post=352686"}],"version-history":[{"count":1,"href":"https:\/\/www.notibras.com\/site\/wp-json\/wp\/v2\/posts\/352686\/revisions"}],"predecessor-version":[{"id":352688,"href":"https:\/\/www.notibras.com\/site\/wp-json\/wp\/v2\/posts\/352686\/revisions\/352688"}],"wp:featuredmedia":[{"embeddable":true,"href":"https:\/\/www.notibras.com\/site\/wp-json\/wp\/v2\/media\/352687"}],"wp:attachment":[{"href":"https:\/\/www.notibras.com\/site\/wp-json\/wp\/v2\/media?parent=352686"}],"wp:term":[{"taxonomy":"category","embeddable":true,"href":"https:\/\/www.notibras.com\/site\/wp-json\/wp\/v2\/categories?post=352686"},{"taxonomy":"post_tag","embeddable":true,"href":"https:\/\/www.notibras.com\/site\/wp-json\/wp\/v2\/tags?post=352686"}],"curies":[{"name":"wp","href":"https:\/\/api.w.org\/{rel}","templated":true}]}}