{"id":352689,"date":"2025-04-24T08:21:36","date_gmt":"2025-04-24T11:21:36","guid":{"rendered":"https:\/\/www.notibras.com\/site\/?p=352689"},"modified":"2025-04-24T08:48:17","modified_gmt":"2025-04-24T11:48:17","slug":"como-religiao-futebol-e-politica-gosto-do-leitor-tambem-nao-se-discute","status":"publish","type":"post","link":"https:\/\/www.notibras.com\/site\/como-religiao-futebol-e-politica-gosto-do-leitor-tambem-nao-se-discute\/","title":{"rendered":"Como religi\u00e3o, futebol e pol\u00edtica, gosto do leitor tamb\u00e9m n\u00e3o se discute"},"content":{"rendered":"<p>Ainda n\u00e3o cheguei ao ponto de viver exclusivamente de literatura. Nem sei se tal dia chegar\u00e1, mas realmente n\u00e3o \u00e9 algo que me atormente. \u00c9 que o bom de ser escritor \u00e9 saber que sempre temos uma folha em branco diante da nossa imagina\u00e7\u00e3o infinita.<\/p>\n<p>J\u00e1 tive meus recalques, talvez at\u00e9 continue com alguns. Creio que o que mais me incomoda \u00e9 a diverg\u00eancia de pensamentos de alguns leitores em rela\u00e7\u00e3o ao que escrevo. Calma, que explico!<\/p>\n<p>Ap\u00f3s publicar centenas e centenas e centenas de contos e cr\u00f4nicas, al\u00e9m de alguns romances, tenho c\u00e1 os meus prediletos. \u00c9 verdade que n\u00e3o consigo memorizar todos, ainda mais porque saem diariamente aqui no <strong>Notibras<\/strong>. Entretanto, como disse, gosto mais de uns do que de outros. Talvez, at\u00e9 por isso, algu\u00e9m poderia dizer que n\u00e3o sou um bom pai, j\u00e1 que os meus escritos, naturalmente, seriam como filhos e, dessa forma, n\u00e3o poderia ter prefer\u00eancias em rela\u00e7\u00e3o a eles.<\/p>\n<p>Estive recentemente em Coqueiral-Aracruz, no Esp\u00edrito Santo, onde passei alguns dias com a Mariana, minha filha do meio. Est\u00e1vamos conversando no confort\u00e1vel sof\u00e1 na varanda, quando ela pegou meu aparelho celular. Ela, que nem a minha esposa e a minha filha mais velha, a Ninica, sabe a senha. Para minha surpresa, a Mariana me questionou.<\/p>\n<p>\u2014 Sou a filha que voc\u00ea menos ama, n\u00e9?<\/p>\n<p>\u2014 O qu\u00ea?<\/p>\n<p>\u2014 \u00c9 que a senha do seu celular tem a ver com a Ninica, e a foto da tela \u00e9 da Malulinha.<\/p>\n<p>\u2014 \u00c9, mas com quem estou neste momento?<\/p>\n<p>A Mariana e eu nos abra\u00e7amos demoradamente. Na verdade, das tr\u00eas, ela \u00e9 a que mais se parece comigo. E n\u00e3o \u00e9 apenas fisicamente, mas no jeito de ser. Sem contar que somos apaixonados por matem\u00e1tica e temos uma rivalidade antiga no t\u00eanis de praia, que \u00e9 uma modalidade esportiva inventada por n\u00f3s dois h\u00e1 muito, muito, muito tempo. Inclusive, nossas partidas valem o t\u00edtulo de campe\u00e3o mundial de t\u00eanis de praia, quase sempre vencido por ela.<\/p>\n<p>Mas estava eu falando sobre literatura e acabei descambando para o lado dos filhos que, no meu caso, s\u00e3o tr\u00eas filhas. Todavia, o que quero dizer \u00e9 que n\u00e3o apenas tenho, entre tantos textos de minha autoria, alguns favoritos, como possuo um que guardo at\u00e9 em pedestal. Trata-se de um conto, que escolhi para ser o primeiro do meu mais recente livro &#8216;<em>57 Contos e cr\u00f4nicas por um autor muito velho<\/em>&#8216;, que saiu pela Joanin Editora, e est\u00e1 concorrendo ao importante pr\u00eamio Jabuti deste ano.<\/p>\n<p>Vou aqui expor um coment\u00e1rio que me \u00e9 t\u00e3o caro, pois foi feito por um dos mais not\u00e1veis autores do nosso tempo, o Daniel Marchi: &#8220;Edu, &#8216;A carta e a urna&#8217; \u00e9 uma das coisas mais sensacionais que j\u00e1 foram escritas em l\u00edngua portuguesa.&#8221;<\/p>\n<p>Ainda me lembro de como surgiu a trama na minha mente. Sentado \u00e0 mesa do nosso apartamento em Porto Alegre, escrevi &#8216;A carta e a urna&#8217; em meros 20 minutos. Devo acrescentar que digito muito r\u00e1pido. Minha esposa, a famosa Dona Irene, logo percebeu o sorriso bobo estampado no meu rosto.<\/p>\n<p>\u2014 Edu, voc\u00ea t\u00e1 bem?<\/p>\n<p>\u2014 Leia isto.<\/p>\n<p>Assim que terminou a leitura, a minha amada me deu um beijo quase cinematogr\u00e1fico, como se estiv\u00e9ssemos correndo na praia e, ap\u00f3s alguns rodopios entre as ondas, rol\u00e1ssemos na areia. J\u00e1 assistiram ao filme &#8216;A um passo da eternidade&#8217;? Bem, n\u00e3o sou Burt Lancaster, nem a Dona Irene \u00e9 a Deborah Kerr, se bem que considero a minha mulher muito mais linda.<\/p>\n<p>\u2014 Nossa, Edu! Este conto j\u00e1 nasceu um cl\u00e1ssico!<\/p>\n<p>Hum&#8230; O que estava dizendo mesmo? Ah, sim! Falava sobre recalques, pois tenho c\u00e1 alguns poucos. \u00c9 que, n\u00e3o raro, recebo elogios a respeito de textos que, a meu ver, n\u00e3o s\u00e3o t\u00e3o bons assim. No entanto, o problema n\u00e3o \u00e9 esse. O que me causa afli\u00e7\u00e3o \u00e9 quando algu\u00e9m faz coment\u00e1rios n\u00e3o t\u00e3o lisonjeiros a algum dos meus contos que me s\u00e3o t\u00e3o caros.<\/p>\n<p>\u2014 Ah, Edu, que final foi aquele? N\u00e3o gostei! Por que voc\u00ea deixou o cr\u00e1pula impune?<\/p>\n<p>Nunca fui indelicado com meus leitores, nem mesmo quando fui ofendido publicamente. N\u00e3o \u00e9 papel do escritor ser grosseiro com quem o l\u00ea. Isso bem sei, pois, como qualquer leitor, tenho c\u00e1 minhas prefer\u00eancias. E a Dona Irene, sempre s\u00e1bia, tem a resposta para minhas ang\u00fastias.<\/p>\n<p>\u2014 Edu, n\u00e3o adianta tentar controlar o gosto do leitor. Esquece! Isso nunca vai acontecer.<\/p>\n<p>&#8230;&#8230;&#8230;&#8230;&#8230;&#8230;&#8230;<\/p>\n<p><strong>Eduardo Mart\u00ednez \u00e9 autor do livro 57 Contos e Cr\u00f4nicas por um Autor Muito Velho\u2019<\/strong><\/p>\n<p>Compre aqui\u00a0<span class=\"x19la9d6 x1fc57z9 x6ikm8r x10wlt62 x19co3pv x1g5zs5t xfibh0p xiy17q3 x1xsqp64 x1lkfr7t xexx8yu x4uap5 x18d9i69 xkhd6sd\"><span class=\"xrtxmta x1bhl96m\"><img decoding=\"async\" class=\"emoji\" role=\"img\" draggable=\"false\" src=\"https:\/\/s.w.org\/images\/core\/emoji\/15.0.3\/svg\/1f447-1f3ff.svg\" alt=\"&#x1f447;&#x1f3ff;\" \/><\/span><\/span><\/p>\n<p><a href=\"https:\/\/www.joanineditora.com.br\/57-contos-e-cronicas-por-um-autor-muito-velho\">https:\/\/www.joanineditora.com.br\/57-contos-e-cronicas-por-um-autor-muito-velho<\/a><\/p>\n","protected":false},"excerpt":{"rendered":"<p>Ainda n\u00e3o cheguei ao ponto de viver exclusivamente de literatura. Nem sei se tal dia chegar\u00e1, mas realmente n\u00e3o \u00e9 algo que me atormente. \u00c9 que o bom de ser escritor \u00e9 saber que sempre temos uma folha em branco diante da nossa imagina\u00e7\u00e3o infinita. J\u00e1 tive meus recalques, talvez at\u00e9 continue com alguns. Creio [&hellip;]<\/p>\n","protected":false},"author":2,"featured_media":352690,"comment_status":"closed","ping_status":"closed","sticky":false,"template":"","format":"standard","meta":{"_acf_changed":false,"footnotes":""},"categories":[161],"tags":[],"class_list":["post-352689","post","type-post","status-publish","format-standard","has-post-thumbnail","hentry","category-quadradinho-em-foco"],"acf":[],"_links":{"self":[{"href":"https:\/\/www.notibras.com\/site\/wp-json\/wp\/v2\/posts\/352689","targetHints":{"allow":["GET"]}}],"collection":[{"href":"https:\/\/www.notibras.com\/site\/wp-json\/wp\/v2\/posts"}],"about":[{"href":"https:\/\/www.notibras.com\/site\/wp-json\/wp\/v2\/types\/post"}],"author":[{"embeddable":true,"href":"https:\/\/www.notibras.com\/site\/wp-json\/wp\/v2\/users\/2"}],"replies":[{"embeddable":true,"href":"https:\/\/www.notibras.com\/site\/wp-json\/wp\/v2\/comments?post=352689"}],"version-history":[{"count":1,"href":"https:\/\/www.notibras.com\/site\/wp-json\/wp\/v2\/posts\/352689\/revisions"}],"predecessor-version":[{"id":352691,"href":"https:\/\/www.notibras.com\/site\/wp-json\/wp\/v2\/posts\/352689\/revisions\/352691"}],"wp:featuredmedia":[{"embeddable":true,"href":"https:\/\/www.notibras.com\/site\/wp-json\/wp\/v2\/media\/352690"}],"wp:attachment":[{"href":"https:\/\/www.notibras.com\/site\/wp-json\/wp\/v2\/media?parent=352689"}],"wp:term":[{"taxonomy":"category","embeddable":true,"href":"https:\/\/www.notibras.com\/site\/wp-json\/wp\/v2\/categories?post=352689"},{"taxonomy":"post_tag","embeddable":true,"href":"https:\/\/www.notibras.com\/site\/wp-json\/wp\/v2\/tags?post=352689"}],"curies":[{"name":"wp","href":"https:\/\/api.w.org\/{rel}","templated":true}]}}