{"id":352747,"date":"2025-04-25T05:05:11","date_gmt":"2025-04-25T08:05:11","guid":{"rendered":"https:\/\/www.notibras.com\/site\/?p=352747"},"modified":"2025-04-25T06:38:25","modified_gmt":"2025-04-25T09:38:25","slug":"nos-postos-de-saude-falta-tudo-menos-os-pacientes-de-sempre","status":"publish","type":"post","link":"https:\/\/www.notibras.com\/site\/nos-postos-de-saude-falta-tudo-menos-os-pacientes-de-sempre\/","title":{"rendered":"Nos postos de sa\u00fade falta tudo, menos os pacientes de sempre"},"content":{"rendered":"<p>N\u00e3o se trata de um caso isolado. S\u00e3o muitos. A verdade \u00e9 que, na Regi\u00e3o Metropolitana o Recife, os postos de sa\u00fade mantidos pelo Estado e munic\u00edpios abrem as portas \u00e0s sete horas, mas a fila come\u00e7a antes do sol nascer.<\/p>\n<p>Tem gente com febre, tosse, press\u00e3o alta, dor no corpo e no cora\u00e7\u00e3o. Gente que acorda com esperan\u00e7a de ser atendida e vai dormir com um papel na m\u00e3o dizendo: \u201cvolte outro dia\u201d.<\/p>\n<p>Na parede, um cartaz colorido fala sobre preven\u00e7\u00e3o, vacinas e atendimento humanizado. Bonito de ver. Pena que, do outro lado da parede, falta tudo: luva, algod\u00e3o, seringa, term\u00f4metro, gaze, esparadrapo. O \u00e1lcool sumiu. O aparelho de medir press\u00e3o pifou faz tempo e ningu\u00e9m conserta. Tem sala sem luz, arm\u00e1rio vazio, e geladeira desligada \u2014 e que devia estar cheio est\u00e1 \u00e0s moscas.<\/p>\n<p>O profissional de sa\u00fade at\u00e9 quer ajudar, mas como? M\u00e9dico vira m\u00e1gico, enfermeira vira psic\u00f3loga, atendente vira escudo. Eles fazem o que d\u00e1 com o que n\u00e3o t\u00eam.<\/p>\n<p>Enquanto isso, a dona Marta volta pra casa com a receita na m\u00e3o e a pergunta na cabe\u00e7a: \u201cpra que serve receita se n\u00e3o tem rem\u00e9dio?\u201d<\/p>\n<p>E \u00e9 assim, onde o povo precisa de cuidado e encontra apenas um aviso na porta: &#8220;hoje n\u00e3o tem atendimento; faltam materiais.&#8221; Falta tudo. Menos o povo. O povo sempre volta.<\/p>\n","protected":false},"excerpt":{"rendered":"<p>N\u00e3o se trata de um caso isolado. S\u00e3o muitos. A verdade \u00e9 que, na Regi\u00e3o Metropolitana o Recife, os postos de sa\u00fade mantidos pelo Estado e munic\u00edpios abrem as portas \u00e0s sete horas, mas a fila come\u00e7a antes do sol nascer. Tem gente com febre, tosse, press\u00e3o alta, dor no corpo e no cora\u00e7\u00e3o. Gente [&hellip;]<\/p>\n","protected":false},"author":2,"featured_media":352748,"comment_status":"closed","ping_status":"closed","sticky":false,"template":"","format":"standard","meta":{"_acf_changed":false,"footnotes":""},"categories":[165],"tags":[],"class_list":["post-352747","post","type-post","status-publish","format-standard","has-post-thumbnail","hentry","category-nordeste"],"acf":[],"_links":{"self":[{"href":"https:\/\/www.notibras.com\/site\/wp-json\/wp\/v2\/posts\/352747","targetHints":{"allow":["GET"]}}],"collection":[{"href":"https:\/\/www.notibras.com\/site\/wp-json\/wp\/v2\/posts"}],"about":[{"href":"https:\/\/www.notibras.com\/site\/wp-json\/wp\/v2\/types\/post"}],"author":[{"embeddable":true,"href":"https:\/\/www.notibras.com\/site\/wp-json\/wp\/v2\/users\/2"}],"replies":[{"embeddable":true,"href":"https:\/\/www.notibras.com\/site\/wp-json\/wp\/v2\/comments?post=352747"}],"version-history":[{"count":1,"href":"https:\/\/www.notibras.com\/site\/wp-json\/wp\/v2\/posts\/352747\/revisions"}],"predecessor-version":[{"id":352749,"href":"https:\/\/www.notibras.com\/site\/wp-json\/wp\/v2\/posts\/352747\/revisions\/352749"}],"wp:featuredmedia":[{"embeddable":true,"href":"https:\/\/www.notibras.com\/site\/wp-json\/wp\/v2\/media\/352748"}],"wp:attachment":[{"href":"https:\/\/www.notibras.com\/site\/wp-json\/wp\/v2\/media?parent=352747"}],"wp:term":[{"taxonomy":"category","embeddable":true,"href":"https:\/\/www.notibras.com\/site\/wp-json\/wp\/v2\/categories?post=352747"},{"taxonomy":"post_tag","embeddable":true,"href":"https:\/\/www.notibras.com\/site\/wp-json\/wp\/v2\/tags?post=352747"}],"curies":[{"name":"wp","href":"https:\/\/api.w.org\/{rel}","templated":true}]}}