{"id":352750,"date":"2025-04-25T05:00:56","date_gmt":"2025-04-25T08:00:56","guid":{"rendered":"https:\/\/www.notibras.com\/site\/?p=352750"},"modified":"2025-04-25T06:54:23","modified_gmt":"2025-04-25T09:54:23","slug":"feita-de-barro-cru-casa-de-faria-resiste-ao-tempo-como-velho-mandacaru","status":"publish","type":"post","link":"https:\/\/www.notibras.com\/site\/feita-de-barro-cru-casa-de-faria-resiste-ao-tempo-como-velho-mandacaru\/","title":{"rendered":"Feita de barro cru, casa de Faria resiste ao tempo como velho mandacaru"},"content":{"rendered":"<p>Dizem que toda casa tem alma, mas a de Faria, que tamb\u00e9m tinha sua casa de farinha, tinha hist\u00f3ria. Plantada com os p\u00e9s firmes no barro quente do sert\u00e3o nordestino, aquela casa resistia como um mandacaru na seca: silenciosa, espinhenta de mem\u00f3rias, mas sempre em flor pra quem sabia olhar.<\/p>\n<p>Foi o velho Sebasti\u00e3o de Faria quem levantou as paredes, no tempo em que homem fazia casa com a for\u00e7a do bra\u00e7o e a f\u00e9 no futuro. Os tijolos eram de barro cru, moldados ali mesmo, na beira do a\u00e7ude que s\u00f3 enchia em ano bento. O telhado, de telha canal, rangia com o vento como se a casa respirasse fundo entre uma ventania e outra.<\/p>\n<p>Ali, nasceram cinco filhos, tr\u00eas cabras e uma d\u00fazia de hist\u00f3rias que a vizinhan\u00e7a contava de orelha em orelha. Tinha a lenda do pav\u00e3o que cantava de noite no curral, o esp\u00edrito da av\u00f3 Donana que assobiava pela cozinha, e o dia em que choveu dentro de casa s\u00f3 no quarto da filha mais nova, que chorava de saudade de um amor que partiu para S\u00e3o Paulo e nunca voltou.<\/p>\n<p>A Casa de Faria virou ponto de encontro. Cheiro de caf\u00e9 no bule, rede esticada no alpendre e o radinho chiando forr\u00f3 de Luiz Gonzaga. Ali se contavam causos, se fazia promessa, se cozinhava feij\u00e3o com carne seca e esperan\u00e7a. Os tempos mudaram, os filhos se espalharam como vento em feira, mas a casa ficou.<\/p>\n<p>Hoje, envelhecida, com a pintura desbotada pelo sol e as janelas rangendo com lembran\u00e7as, a Casa de Faria \u00e9 mais que constru\u00e7\u00e3o: \u00e9 monumento invis\u00edvel da mem\u00f3ria nordestina. Um retrato vivo de um tempo em que a vida era dura, mas cheia de ternura.<\/p>\n<p>A casa, todos sabem, nunca foi s\u00f3 de Faria. Era de quem chegasse com respeito, com sede de hist\u00f3ria e fome de afeto.<\/p>\n","protected":false},"excerpt":{"rendered":"<p>Dizem que toda casa tem alma, mas a de Faria, que tamb\u00e9m tinha sua casa de farinha, tinha hist\u00f3ria. Plantada com os p\u00e9s firmes no barro quente do sert\u00e3o nordestino, aquela casa resistia como um mandacaru na seca: silenciosa, espinhenta de mem\u00f3rias, mas sempre em flor pra quem sabia olhar. Foi o velho Sebasti\u00e3o de [&hellip;]<\/p>\n","protected":false},"author":2,"featured_media":352751,"comment_status":"closed","ping_status":"closed","sticky":false,"template":"","format":"standard","meta":{"_acf_changed":false,"footnotes":""},"categories":[165],"tags":[],"class_list":["post-352750","post","type-post","status-publish","format-standard","has-post-thumbnail","hentry","category-nordeste"],"acf":[],"_links":{"self":[{"href":"https:\/\/www.notibras.com\/site\/wp-json\/wp\/v2\/posts\/352750","targetHints":{"allow":["GET"]}}],"collection":[{"href":"https:\/\/www.notibras.com\/site\/wp-json\/wp\/v2\/posts"}],"about":[{"href":"https:\/\/www.notibras.com\/site\/wp-json\/wp\/v2\/types\/post"}],"author":[{"embeddable":true,"href":"https:\/\/www.notibras.com\/site\/wp-json\/wp\/v2\/users\/2"}],"replies":[{"embeddable":true,"href":"https:\/\/www.notibras.com\/site\/wp-json\/wp\/v2\/comments?post=352750"}],"version-history":[{"count":1,"href":"https:\/\/www.notibras.com\/site\/wp-json\/wp\/v2\/posts\/352750\/revisions"}],"predecessor-version":[{"id":352752,"href":"https:\/\/www.notibras.com\/site\/wp-json\/wp\/v2\/posts\/352750\/revisions\/352752"}],"wp:featuredmedia":[{"embeddable":true,"href":"https:\/\/www.notibras.com\/site\/wp-json\/wp\/v2\/media\/352751"}],"wp:attachment":[{"href":"https:\/\/www.notibras.com\/site\/wp-json\/wp\/v2\/media?parent=352750"}],"wp:term":[{"taxonomy":"category","embeddable":true,"href":"https:\/\/www.notibras.com\/site\/wp-json\/wp\/v2\/categories?post=352750"},{"taxonomy":"post_tag","embeddable":true,"href":"https:\/\/www.notibras.com\/site\/wp-json\/wp\/v2\/tags?post=352750"}],"curies":[{"name":"wp","href":"https:\/\/api.w.org\/{rel}","templated":true}]}}