{"id":352753,"date":"2025-04-25T04:49:43","date_gmt":"2025-04-25T07:49:43","guid":{"rendered":"https:\/\/www.notibras.com\/site\/?p=352753"},"modified":"2025-04-25T07:01:36","modified_gmt":"2025-04-25T10:01:36","slug":"nordeste-passa-por-renascimento-cultural-e-economico","status":"publish","type":"post","link":"https:\/\/www.notibras.com\/site\/nordeste-passa-por-renascimento-cultural-e-economico\/","title":{"rendered":"Nordeste passa por renascimento cultural e econ\u00f4mico"},"content":{"rendered":"<p>Nos \u00faltimos anos, a regi\u00e3o nordestina tem vivenciado uma transforma\u00e7\u00e3o not\u00e1vel que mescla tradi\u00e7\u00e3o e inova\u00e7\u00e3o. O que antes era visto como um territ\u00f3rio marcado pela estagna\u00e7\u00e3o econ\u00f4mica e pela perda de identidade cultural, hoje emerge como um polo vibrante de desenvolvimento e criatividade.<\/p>\n<p>A revitaliza\u00e7\u00e3o come\u00e7ou com investimentos estrat\u00e9gicos em infraestrutura e pol\u00edticas p\u00fablicas voltadas ao est\u00edmulo da economia local. Pequenos empreendedores passaram a receber incentivos, enquanto cooperativas, artes\u00e3os e produtores rurais viram seus neg\u00f3cios florescer com o apoio governamental e da iniciativa privada.<\/p>\n<p>Paralelamente, a cultura local ganhou novo f\u00f4lego. Festivais de m\u00fasica, arte e gastronomia foram resgatados ou criados, valorizando talentos locais e atraindo visitantes de diversas partes do pa\u00eds. Espa\u00e7os culturais foram reabertos e novas galerias e centros comunit\u00e1rios surgiram como pontos de encontro e express\u00e3o da identidade regional.<\/p>\n<p>\u201c\u00c9 uma nova era para todos n\u00f3s. Estamos redescobrindo o orgulho de pertencer a este lugar\u201d, diz Ana L\u00facia Ribeiro, diretora de um centro cultural rec\u00e9m-inaugurado.<\/p>\n<p>A educa\u00e7\u00e3o tamb\u00e9m foi pilar fundamental nesse renascimento. Escolas passaram a incluir conte\u00fados regionais em seus curr\u00edculos, promovendo a valoriza\u00e7\u00e3o da hist\u00f3ria e das ra\u00edzes locais. Jovens, antes migrando em busca de oportunidades, agora encontram espa\u00e7o para crescer e inovar em sua pr\u00f3pria terra.<\/p>\n<p>Com o turismo em ascens\u00e3o, aliado \u00e0 produ\u00e7\u00e3o local e ao fortalecimento da identidade cultural, a regi\u00e3o se reposiciona no cen\u00e1rio nacional como exemplo de desenvolvimento sustent\u00e1vel e integrado.<\/p>\n<p>Esse renascimento n\u00e3o apenas melhora a economia \u2014 ele reconecta as pessoas ao seu territ\u00f3rio e \u00e0 sua hist\u00f3ria. E assim, com passos firmes, a regi\u00e3o segue moldando um futuro promissor.<\/p>\n","protected":false},"excerpt":{"rendered":"<p>Nos \u00faltimos anos, a regi\u00e3o nordestina tem vivenciado uma transforma\u00e7\u00e3o not\u00e1vel que mescla tradi\u00e7\u00e3o e inova\u00e7\u00e3o. O que antes era visto como um territ\u00f3rio marcado pela estagna\u00e7\u00e3o econ\u00f4mica e pela perda de identidade cultural, hoje emerge como um polo vibrante de desenvolvimento e criatividade. A revitaliza\u00e7\u00e3o come\u00e7ou com investimentos estrat\u00e9gicos em infraestrutura e pol\u00edticas p\u00fablicas [&hellip;]<\/p>\n","protected":false},"author":2,"featured_media":342394,"comment_status":"closed","ping_status":"closed","sticky":false,"template":"","format":"standard","meta":{"_acf_changed":false,"footnotes":""},"categories":[165],"tags":[],"class_list":["post-352753","post","type-post","status-publish","format-standard","has-post-thumbnail","hentry","category-nordeste"],"acf":[],"_links":{"self":[{"href":"https:\/\/www.notibras.com\/site\/wp-json\/wp\/v2\/posts\/352753","targetHints":{"allow":["GET"]}}],"collection":[{"href":"https:\/\/www.notibras.com\/site\/wp-json\/wp\/v2\/posts"}],"about":[{"href":"https:\/\/www.notibras.com\/site\/wp-json\/wp\/v2\/types\/post"}],"author":[{"embeddable":true,"href":"https:\/\/www.notibras.com\/site\/wp-json\/wp\/v2\/users\/2"}],"replies":[{"embeddable":true,"href":"https:\/\/www.notibras.com\/site\/wp-json\/wp\/v2\/comments?post=352753"}],"version-history":[{"count":1,"href":"https:\/\/www.notibras.com\/site\/wp-json\/wp\/v2\/posts\/352753\/revisions"}],"predecessor-version":[{"id":352754,"href":"https:\/\/www.notibras.com\/site\/wp-json\/wp\/v2\/posts\/352753\/revisions\/352754"}],"wp:featuredmedia":[{"embeddable":true,"href":"https:\/\/www.notibras.com\/site\/wp-json\/wp\/v2\/media\/342394"}],"wp:attachment":[{"href":"https:\/\/www.notibras.com\/site\/wp-json\/wp\/v2\/media?parent=352753"}],"wp:term":[{"taxonomy":"category","embeddable":true,"href":"https:\/\/www.notibras.com\/site\/wp-json\/wp\/v2\/categories?post=352753"},{"taxonomy":"post_tag","embeddable":true,"href":"https:\/\/www.notibras.com\/site\/wp-json\/wp\/v2\/tags?post=352753"}],"curies":[{"name":"wp","href":"https:\/\/api.w.org\/{rel}","templated":true}]}}