{"id":352761,"date":"2025-04-25T06:26:10","date_gmt":"2025-04-25T09:26:10","guid":{"rendered":"https:\/\/www.notibras.com\/site\/?p=352761"},"modified":"2025-04-25T07:36:03","modified_gmt":"2025-04-25T10:36:03","slug":"collor-preso-em-maceio-quando-embarcava-para-cumprir-prisao-no-df","status":"publish","type":"post","link":"https:\/\/www.notibras.com\/site\/collor-preso-em-maceio-quando-embarcava-para-cumprir-prisao-no-df\/","title":{"rendered":"Collor preso em Macei\u00f3 quando embarcava para cumprir pris\u00e3o no DF"},"content":{"rendered":"<p>O ex-presidente da Rep\u00fablica Fernando Collor de Mello foi preso na manh\u00e3 desta sexta-feira (25) em Macei\u00f3. Segundo sua defesa, a pris\u00e3o ocorreu \u00e0s 4h, quando o pol\u00edtico se preparava para viajar a Bras\u00edlia.<\/p>\n<p>Na capital da Rep\u00fablica, segundo a defesa do tamb\u00e9m ex-senador, ele se apresentaria espontaneamente para o cumprimento do mandado de pris\u00e3o expedido na v\u00e9spera pelo ministro Alexandre de Moraes, do STF.<\/p>\n<p>Depois da pris\u00e3o, o ex-presidente foi encaminhado para a Superintend\u00eancia da Pol\u00edcia Federal em Alagoas.<\/p>\n<p>A pris\u00e3o de Collor foi determinada ap\u00f3s Xand\u00e3o negar recurso da defesa para rever uma condena\u00e7\u00e3o, de 2023, a 8 anos e 10 meses de pris\u00e3o em regime fechado por corrup\u00e7\u00e3o passiva e lavagem de dinheiro. O Plen\u00e1rio do Supremo deve decidir ainda no decorrer desta sexta, se avaliza o ato de Moraes.<\/p>\n","protected":false},"excerpt":{"rendered":"<p>O ex-presidente da Rep\u00fablica Fernando Collor de Mello foi preso na manh\u00e3 desta sexta-feira (25) em Macei\u00f3. Segundo sua defesa, a pris\u00e3o ocorreu \u00e0s 4h, quando o pol\u00edtico se preparava para viajar a Bras\u00edlia. Na capital da Rep\u00fablica, segundo a defesa do tamb\u00e9m ex-senador, ele se apresentaria espontaneamente para o cumprimento do mandado de pris\u00e3o [&hellip;]<\/p>\n","protected":false},"author":2,"featured_media":304646,"comment_status":"closed","ping_status":"closed","sticky":false,"template":"","format":"standard","meta":{"_acf_changed":false,"footnotes":""},"categories":[165],"tags":[95],"class_list":["post-352761","post","type-post","status-publish","format-standard","has-post-thumbnail","hentry","category-nordeste","tag-capa"],"acf":[],"_links":{"self":[{"href":"https:\/\/www.notibras.com\/site\/wp-json\/wp\/v2\/posts\/352761","targetHints":{"allow":["GET"]}}],"collection":[{"href":"https:\/\/www.notibras.com\/site\/wp-json\/wp\/v2\/posts"}],"about":[{"href":"https:\/\/www.notibras.com\/site\/wp-json\/wp\/v2\/types\/post"}],"author":[{"embeddable":true,"href":"https:\/\/www.notibras.com\/site\/wp-json\/wp\/v2\/users\/2"}],"replies":[{"embeddable":true,"href":"https:\/\/www.notibras.com\/site\/wp-json\/wp\/v2\/comments?post=352761"}],"version-history":[{"count":3,"href":"https:\/\/www.notibras.com\/site\/wp-json\/wp\/v2\/posts\/352761\/revisions"}],"predecessor-version":[{"id":352764,"href":"https:\/\/www.notibras.com\/site\/wp-json\/wp\/v2\/posts\/352761\/revisions\/352764"}],"wp:featuredmedia":[{"embeddable":true,"href":"https:\/\/www.notibras.com\/site\/wp-json\/wp\/v2\/media\/304646"}],"wp:attachment":[{"href":"https:\/\/www.notibras.com\/site\/wp-json\/wp\/v2\/media?parent=352761"}],"wp:term":[{"taxonomy":"category","embeddable":true,"href":"https:\/\/www.notibras.com\/site\/wp-json\/wp\/v2\/categories?post=352761"},{"taxonomy":"post_tag","embeddable":true,"href":"https:\/\/www.notibras.com\/site\/wp-json\/wp\/v2\/tags?post=352761"}],"curies":[{"name":"wp","href":"https:\/\/api.w.org\/{rel}","templated":true}]}}