{"id":352797,"date":"2025-04-26T05:22:07","date_gmt":"2025-04-26T08:22:07","guid":{"rendered":"https:\/\/www.notibras.com\/site\/?p=352797"},"modified":"2025-04-26T05:24:07","modified_gmt":"2025-04-26T08:24:07","slug":"po-inaugura-nova-torre-no-peninsula-resort-residence","status":"publish","type":"post","link":"https:\/\/www.notibras.com\/site\/po-inaugura-nova-torre-no-peninsula-resort-residence\/","title":{"rendered":"PO inaugura nova torre no Pen\u00ednsula Resort Residence"},"content":{"rendered":"<p>O Grupo PauloOct\u00e1vio Inaugura neste s\u00e1bado, 26, a Torre O do Pen\u00ednsula Resort Residence, o mais nobre complexo para moradores de \u00c1guas Claras. Haver\u00e1 estandes com plantonistas\u00a0 para atender duas alternativas: compra ou loca\u00e7\u00e3o de uma unidade.<\/p>\n<p>A festa se estende das 10 \u00e0s 16 horas, com coquetel destinado a clientes dos 8 aos 80 anos. O Centro residencial est\u00e1 localizado na Avenida das Arauc\u00e1rias, O projeto \u00e9 uma parceria da Pulo Octavio com a Poupex e a Via Engenharia.<\/p>\n<p>As torres do Pen\u00ednsula compreendem apartamentos de luxo, destinados \u00e0s classe m\u00e9dia e m\u00e9dia alta. H\u00e1 unidades com at\u00e9 quatro quartos com su\u00edtes, ampla varanda goumert, \u00e1rea de lazer com piscinas e quadras esportivas, al\u00e9m de vagas para autom\u00f3veis.<\/p>\n<p>Outras vantagens s\u00e3o seguran\u00e7a, com portaria 24 horas, estacionamento para visitantes e a proximidade de escolas, faculdades, supermercados e shoppings.<\/p>\n","protected":false},"excerpt":{"rendered":"<p>O Grupo PauloOct\u00e1vio Inaugura neste s\u00e1bado, 26, a Torre O do Pen\u00ednsula Resort Residence, o mais nobre complexo para moradores de \u00c1guas Claras. Haver\u00e1 estandes com plantonistas\u00a0 para atender duas alternativas: compra ou loca\u00e7\u00e3o de uma unidade. A festa se estende das 10 \u00e0s 16 horas, com coquetel destinado a clientes dos 8 aos 80 [&hellip;]<\/p>\n","protected":false},"author":2,"featured_media":352798,"comment_status":"closed","ping_status":"closed","sticky":false,"template":"","format":"standard","meta":{"_acf_changed":false,"footnotes":""},"categories":[161],"tags":[],"class_list":["post-352797","post","type-post","status-publish","format-standard","has-post-thumbnail","hentry","category-quadradinho-em-foco"],"acf":[],"_links":{"self":[{"href":"https:\/\/www.notibras.com\/site\/wp-json\/wp\/v2\/posts\/352797","targetHints":{"allow":["GET"]}}],"collection":[{"href":"https:\/\/www.notibras.com\/site\/wp-json\/wp\/v2\/posts"}],"about":[{"href":"https:\/\/www.notibras.com\/site\/wp-json\/wp\/v2\/types\/post"}],"author":[{"embeddable":true,"href":"https:\/\/www.notibras.com\/site\/wp-json\/wp\/v2\/users\/2"}],"replies":[{"embeddable":true,"href":"https:\/\/www.notibras.com\/site\/wp-json\/wp\/v2\/comments?post=352797"}],"version-history":[{"count":3,"href":"https:\/\/www.notibras.com\/site\/wp-json\/wp\/v2\/posts\/352797\/revisions"}],"predecessor-version":[{"id":352801,"href":"https:\/\/www.notibras.com\/site\/wp-json\/wp\/v2\/posts\/352797\/revisions\/352801"}],"wp:featuredmedia":[{"embeddable":true,"href":"https:\/\/www.notibras.com\/site\/wp-json\/wp\/v2\/media\/352798"}],"wp:attachment":[{"href":"https:\/\/www.notibras.com\/site\/wp-json\/wp\/v2\/media?parent=352797"}],"wp:term":[{"taxonomy":"category","embeddable":true,"href":"https:\/\/www.notibras.com\/site\/wp-json\/wp\/v2\/categories?post=352797"},{"taxonomy":"post_tag","embeddable":true,"href":"https:\/\/www.notibras.com\/site\/wp-json\/wp\/v2\/tags?post=352797"}],"curies":[{"name":"wp","href":"https:\/\/api.w.org\/{rel}","templated":true}]}}