{"id":352854,"date":"2025-04-26T00:00:01","date_gmt":"2025-04-26T03:00:01","guid":{"rendered":"https:\/\/www.notibras.com\/site\/?p=352854"},"modified":"2025-04-26T08:28:20","modified_gmt":"2025-04-26T11:28:20","slug":"atencao-aluno-nordestino-saiba-como-evitar-taxa-de-inscricao","status":"publish","type":"post","link":"https:\/\/www.notibras.com\/site\/atencao-aluno-nordestino-saiba-como-evitar-taxa-de-inscricao\/","title":{"rendered":"Aten\u00e7\u00e3o, aluno nordestino, saiba como evitar taxa de inscri\u00e7\u00e3o"},"content":{"rendered":"<p>Os interessados em participar do Exame Nacional do Ensino M\u00e9dio (Enem) de 2025 de gra\u00e7a t\u00eam at\u00e9 o dia 2 de maio para preencher as informa\u00e7\u00f5es solicitadas no formul\u00e1rio online e encaminhar a documenta\u00e7\u00e3o necess\u00e1ria. O Minist\u00e9rio da Educa\u00e7\u00e3o divulgou nesta sexta-feira (25) a amplia\u00e7\u00e3o do prazo.<\/p>\n<p>O procedimento deve ser realizado exclusivamente na p\u00e1gina do participante do exame, com o login no portal \u00fanico de servi\u00e7os digitais do governo federal, o Gov.br. No mesmo site, o solicitante poder\u00e1 conferir se a solicita\u00e7\u00e3o foi conclu\u00edda com sucesso.<\/p>\n<p>N\u00e3o ser\u00e3o aceitos documentos autodeclarat\u00f3rios ou emitidos, por exemplo, por pais ou respons\u00e1veis.<\/p>\n<p><strong>Regras<\/strong><br \/>\nOs documentos de identifica\u00e7\u00e3o e escolares exigidos s\u00e3o:<\/p>\n<p>de identifica\u00e7\u00e3o (c\u00e9dula de Identidade) do participante e dos demais membros que comp\u00f5em o n\u00facleo familiar;<br \/>\nnome completo e Cadastro de Pessoas F\u00edsica (CPF) da m\u00e3e do participante;<br \/>\ndeclara\u00e7\u00e3o de realiza\u00e7\u00e3o de todo o ensino m\u00e9dio em escola do sistema p\u00fablico de ensino do Brasil (municipal, estadual ou federal) ou hist\u00f3rico escolar do ensino m\u00e9dio, com assinatura da escola;<br \/>\nno caso de participante bolsista em escola privada, declara\u00e7\u00e3o da unidade de ensino que comprove ter cursado todo o ensino m\u00e9dio e conclu\u00eddo na condi\u00e7\u00e3o de bolsista integral;<br \/>\ndeclara\u00e7\u00e3o escolar que comprove estar cursando a \u00faltima s\u00e9rie do ensino m\u00e9dio em 2025, em qualquer modalidade de ensino, em escola da rede p\u00fablica declarada ao Censo Escolar da Educa\u00e7\u00e3o B\u00e1sica.<\/p>\n<p><strong>Sobre a renda declarada, ser\u00e3o aceitos:<\/strong><\/p>\n<p>contracheque ou holerite, recibo de pagamento por servi\u00e7os prestados, envelope de pagamento ou declara\u00e7\u00e3o do empregador;<br \/>\ncomprovante do valor da pens\u00e3o aliment\u00edcia. Na falta deste, extrato banc\u00e1rio ou declara\u00e7\u00e3o de quem a concede, especificando o valor.<br \/>\ndeclara\u00e7\u00e3o original da pessoa que concede ajuda financeira ao interessado, como pagamento de despesas com escola ou de outras despesas, contendo as seguintes informa\u00e7\u00f5es: nome, endere\u00e7o, telefone, valor concedido e finalidade;<br \/>\nextrato de rendimentos fornecido pelo Instituto Nacional do Seguro Social (INSS) ou por outras fontes, referente \u00e0 aposentadoria e outros benef\u00edcios como aux\u00edlio-doen\u00e7a, pens\u00e3o, pec\u00falio, aux\u00edlio-reclus\u00e3o e previd\u00eancia privada. Na falta destes, extrato banc\u00e1rio identificado, com o valor do cr\u00e9dito do benef\u00edcio.<br \/>\ndeclara\u00e7\u00e3o original, assinada pelo pr\u00f3prio interessado, para os aut\u00f4nomos e trabalhadores em atividades informais, contendo as seguintes informa\u00e7\u00f5es: nome, atividade que desenvolve, local onde a executa, telefone, h\u00e1 quanto tempo a exerce e renda bruta mensal em Reais;<br \/>\nrecibo de comiss\u00f5es, alugu\u00e9is, pr\u00f3-labores e outros;<br \/>\nrecibo de seguro-desemprego e do Fundo de Garantia do Tempo de Servi\u00e7o (FGTS);<br \/>\nrescis\u00e3o do \u00faltimo contrato de trabalho;<br \/>\ncomprovantes de benef\u00edcios concedidos por programas sociais, como o programa Bolsa Fam\u00edlia.<br \/>\nPara consultar os detalhes sobre os documentos aceitos, o interessado deve consultar o anexo I do edital do Inep que trata da isen\u00e7\u00e3o da taxa.<\/p>\n<p><strong>Justificativa de aus\u00eancia<\/strong><br \/>\nQuem faltou a um dos dois dias de prova no Enem 2024 precisa justificar a aus\u00eancia para pedir a isen\u00e7\u00e3o da taxa de inscri\u00e7\u00e3o. O prazo para encaminhar online a documenta\u00e7\u00e3o necess\u00e1ria tamb\u00e9m termina no dia 2 de maio.<\/p>\n<p>O procedimento deve ser realizado exclusivamente na p\u00e1gina do participante.<\/p>\n<p>Entre as situa\u00e7\u00f5es previstas para justificar a aus\u00eancia est\u00e3o emerg\u00eancia ou interna\u00e7\u00e3o m\u00e9dica ou odontol\u00f3gica; assalto, furto e acidente de tr\u00e2nsito; morte na fam\u00edlia, maternidade ou paternidade e participa\u00e7\u00e3o em atividade escolar.<\/p>\n<p>Os documentos que comprovem as condi\u00e7\u00f5es declaradas est\u00e3o previstos no edital do Instituto Nacional de Estudos e Pesquisas Educacionais An\u00edsio Teixeira (Inep) que trata da justificativa de aus\u00eancia na \u00faltima edi\u00e7\u00e3o do exame.<\/p>\n<p><strong>Resultado<\/strong><br \/>\nO resultado da solicita\u00e7\u00e3o de isen\u00e7\u00e3o ser\u00e1 divulgado no dia 12 de maio, na p\u00e1gina do participante do Enem.<\/p>\n<p>O per\u00edodo de recursos para quem tiver o pedido negado ser\u00e1 entre 12 e 16 de maio. O resultado final dos recursos sair\u00e1 em 22 de maio.<\/p>\n<p>A aprova\u00e7\u00e3o do pedido de isen\u00e7\u00e3o n\u00e3o garante a participa\u00e7\u00e3o no exame. O Inep destaca que mesmo com a gratuidade da taxa, os interessados dever\u00e3o realizar a inscri\u00e7\u00e3o no Enem 2025 posteriormente, em data a ser definida em futuro edital a ser publicado pelo MEC.<\/p>\n<p><strong>Enem<\/strong><br \/>\nO Exame Nacional do Ensino M\u00e9dio \u00e9 considerado a principal forma de entrada na educa\u00e7\u00e3o superior no Brasil, por meio de programas federais como Sistema de Sele\u00e7\u00e3o Unificada (Sisu), Programa Universidade para Todos (Prouni) e Fundo de Financiamento Estudantil (Fies).<\/p>\n","protected":false},"excerpt":{"rendered":"<p>Os interessados em participar do Exame Nacional do Ensino M\u00e9dio (Enem) de 2025 de gra\u00e7a t\u00eam at\u00e9 o dia 2 de maio para preencher as informa\u00e7\u00f5es solicitadas no formul\u00e1rio online e encaminhar a documenta\u00e7\u00e3o necess\u00e1ria. O Minist\u00e9rio da Educa\u00e7\u00e3o divulgou nesta sexta-feira (25) a amplia\u00e7\u00e3o do prazo. O procedimento deve ser realizado exclusivamente na p\u00e1gina [&hellip;]<\/p>\n","protected":false},"author":2,"featured_media":352855,"comment_status":"closed","ping_status":"closed","sticky":false,"template":"","format":"standard","meta":{"_acf_changed":false,"footnotes":""},"categories":[165],"tags":[],"class_list":["post-352854","post","type-post","status-publish","format-standard","has-post-thumbnail","hentry","category-nordeste"],"acf":[],"_links":{"self":[{"href":"https:\/\/www.notibras.com\/site\/wp-json\/wp\/v2\/posts\/352854","targetHints":{"allow":["GET"]}}],"collection":[{"href":"https:\/\/www.notibras.com\/site\/wp-json\/wp\/v2\/posts"}],"about":[{"href":"https:\/\/www.notibras.com\/site\/wp-json\/wp\/v2\/types\/post"}],"author":[{"embeddable":true,"href":"https:\/\/www.notibras.com\/site\/wp-json\/wp\/v2\/users\/2"}],"replies":[{"embeddable":true,"href":"https:\/\/www.notibras.com\/site\/wp-json\/wp\/v2\/comments?post=352854"}],"version-history":[{"count":1,"href":"https:\/\/www.notibras.com\/site\/wp-json\/wp\/v2\/posts\/352854\/revisions"}],"predecessor-version":[{"id":352856,"href":"https:\/\/www.notibras.com\/site\/wp-json\/wp\/v2\/posts\/352854\/revisions\/352856"}],"wp:featuredmedia":[{"embeddable":true,"href":"https:\/\/www.notibras.com\/site\/wp-json\/wp\/v2\/media\/352855"}],"wp:attachment":[{"href":"https:\/\/www.notibras.com\/site\/wp-json\/wp\/v2\/media?parent=352854"}],"wp:term":[{"taxonomy":"category","embeddable":true,"href":"https:\/\/www.notibras.com\/site\/wp-json\/wp\/v2\/categories?post=352854"},{"taxonomy":"post_tag","embeddable":true,"href":"https:\/\/www.notibras.com\/site\/wp-json\/wp\/v2\/tags?post=352854"}],"curies":[{"name":"wp","href":"https:\/\/api.w.org\/{rel}","templated":true}]}}