{"id":352863,"date":"2025-04-26T01:51:10","date_gmt":"2025-04-26T04:51:10","guid":{"rendered":"https:\/\/www.notibras.com\/site\/?p=352863"},"modified":"2025-04-26T08:53:02","modified_gmt":"2025-04-26T11:53:02","slug":"classe-media-vai-poder-contratar-financiamento-em-maio","status":"publish","type":"post","link":"https:\/\/www.notibras.com\/site\/classe-media-vai-poder-contratar-financiamento-em-maio\/","title":{"rendered":"Classe m\u00e9dia vai poder contratar financiamento em maio"},"content":{"rendered":"<p>Principal programa habitacional do pa\u00eds, o Minha Casa, Minha Vida foi oficialmente ampliado para a classe m\u00e9dia. O Minist\u00e9rio das Cidades publicou, nesta sexta-feira (25), portaria que estende o programa para fam\u00edlias que ganham at\u00e9 R$ 12 mil. Com a medida, os bancos podem come\u00e7ar a oferecer os financiamentos do Minha Casa, Minha Vida pelos novos limites.<\/p>\n<p>A pasta determinou que os novos valores entrem em vigor imediatamente, para os contratos assinados a partir desta sexta. No caso da Faixa 4, a expectativa \u00e9 que os bancos s\u00f3 comecem a oferecer os empr\u00e9stimos na pr\u00f3xima semana ou no in\u00edcio de maio, embora j\u00e1 estejam habilitados pela portaria.<\/p>\n<p>A portaria tamb\u00e9m ampliou os limites para as faixas de renda do programa. Com as mudan\u00e7as, as faixas do Minha Casa, Minha Vida ficaram as seguintes:<\/p>\n<p>Faixa 1: renda familiar de at\u00e9 R$ 2.850,00 por m\u00eas, com subs\u00eddio de at\u00e9 95% do valor do im\u00f3vel;<br \/>\nFaixa 2: renda familiar de R$ 2.850,01 a R$ 4,7 mil por m\u00eas, com subs\u00eddio de at\u00e9 R$ 55 mil e juros reduzidos;<br \/>\nFaixa 3: renda familiar de R$ 4.700,01 a R$ 8,6 mil por m\u00eas, sem subs\u00eddios, mas com condi\u00e7\u00f5es de financiamento facilitadas;<br \/>\nFaixa 4: renda familiar de at\u00e9 R$ 12 mil por m\u00eas, com juros de 10,5% ao ano, 420 parcelas e limite de financiamento de at\u00e9 R$ 500 mil, de im\u00f3veis novos e usados.<\/p>\n<p>Os valores anteriores eram os seguintes<\/p>\n<p>Faixa 1: renda familiar de at\u00e9 R$ 2.640 por m\u00eas;<br \/>\nFaixa 2: renda familiar de R$ 2.640,01 a R$ 4,4 mil por m\u00eas;<br \/>\nFaixa 3: renda familiar de R$ 4.400,01 a R$ 8 mil por m\u00eas.<\/p>\n<p>Para os im\u00f3veis das \u00e1reas rurais, os novos limites s\u00e3o os seguintes<\/p>\n<p>Faixa 1: renda bruta familiar de at\u00e9 R$ 40 mil por ano;<br \/>\nFaixa 2: renda bruta familiar de R$ 40.000,01 a R$ 66,6 mil por ano;<br \/>\nFaixa 3: renda bruta familiar de R$ 66.600,01 a R$ 120 mil por ano;<br \/>\nFaixa 4: renda bruta familiar de at\u00e9 R$ 150 mil por ano.<\/p>\n<p><strong>FGTS<\/strong><br \/>\nA portaria do Minist\u00e9rio das Cidades ratifica decis\u00e3o do Conselho Curador do Fundo de Garantia do Tempo de Servi\u00e7o (FGTS), que h\u00e1 dez dias aprovou mudan\u00e7as no programa habitacional. Como a amplia\u00e7\u00e3o do programa envolve recursos dos lucros e dos rendimentos do FGTS, foi necess\u00e1ria a aprova\u00e7\u00e3o do Conselho Curador.<\/p>\n<p>Com a cria\u00e7\u00e3o da Faixa 4, os Minist\u00e9rios das Cidades e do Trabalho e Emprego querem beneficiar at\u00e9 120 mil fam\u00edlias apenas este ano. Ao somar todas as faixas do Minha Casa, Minha Vida, o governo espera ampliar para 3 milh\u00f5es o n\u00famero de unidades habitacionais financiadas at\u00e9 2026.<\/p>\n","protected":false},"excerpt":{"rendered":"<p>Principal programa habitacional do pa\u00eds, o Minha Casa, Minha Vida foi oficialmente ampliado para a classe m\u00e9dia. O Minist\u00e9rio das Cidades publicou, nesta sexta-feira (25), portaria que estende o programa para fam\u00edlias que ganham at\u00e9 R$ 12 mil. Com a medida, os bancos podem come\u00e7ar a oferecer os financiamentos do Minha Casa, Minha Vida pelos [&hellip;]<\/p>\n","protected":false},"author":2,"featured_media":352864,"comment_status":"closed","ping_status":"closed","sticky":false,"template":"","format":"standard","meta":{"_acf_changed":false,"footnotes":""},"categories":[161],"tags":[],"class_list":["post-352863","post","type-post","status-publish","format-standard","has-post-thumbnail","hentry","category-quadradinho-em-foco"],"acf":[],"_links":{"self":[{"href":"https:\/\/www.notibras.com\/site\/wp-json\/wp\/v2\/posts\/352863","targetHints":{"allow":["GET"]}}],"collection":[{"href":"https:\/\/www.notibras.com\/site\/wp-json\/wp\/v2\/posts"}],"about":[{"href":"https:\/\/www.notibras.com\/site\/wp-json\/wp\/v2\/types\/post"}],"author":[{"embeddable":true,"href":"https:\/\/www.notibras.com\/site\/wp-json\/wp\/v2\/users\/2"}],"replies":[{"embeddable":true,"href":"https:\/\/www.notibras.com\/site\/wp-json\/wp\/v2\/comments?post=352863"}],"version-history":[{"count":1,"href":"https:\/\/www.notibras.com\/site\/wp-json\/wp\/v2\/posts\/352863\/revisions"}],"predecessor-version":[{"id":352865,"href":"https:\/\/www.notibras.com\/site\/wp-json\/wp\/v2\/posts\/352863\/revisions\/352865"}],"wp:featuredmedia":[{"embeddable":true,"href":"https:\/\/www.notibras.com\/site\/wp-json\/wp\/v2\/media\/352864"}],"wp:attachment":[{"href":"https:\/\/www.notibras.com\/site\/wp-json\/wp\/v2\/media?parent=352863"}],"wp:term":[{"taxonomy":"category","embeddable":true,"href":"https:\/\/www.notibras.com\/site\/wp-json\/wp\/v2\/categories?post=352863"},{"taxonomy":"post_tag","embeddable":true,"href":"https:\/\/www.notibras.com\/site\/wp-json\/wp\/v2\/tags?post=352863"}],"curies":[{"name":"wp","href":"https:\/\/api.w.org\/{rel}","templated":true}]}}