{"id":352879,"date":"2025-04-27T09:09:34","date_gmt":"2025-04-27T12:09:34","guid":{"rendered":"https:\/\/www.notibras.com\/site\/?p=352879"},"modified":"2025-04-27T09:11:33","modified_gmt":"2025-04-27T12:11:33","slug":"encontrado-fossil-mais-antigo-de-formiga-do-mundo-com-113-mi-de-anos","status":"publish","type":"post","link":"https:\/\/www.notibras.com\/site\/encontrado-fossil-mais-antigo-de-formiga-do-mundo-com-113-mi-de-anos\/","title":{"rendered":"Encontrado f\u00f3ssil mais antigo de formiga do mundo, com 113 mi de anos"},"content":{"rendered":"<p>Cientistas identificaram no munic\u00edpio de Crato, no Cear\u00e1, o f\u00f3ssil da formiga mais antiga j\u00e1 registrada, datado de aproximadamente 113 milh\u00f5es de anos. A esp\u00e9cie, batizada de Vulcanidris cratensis, pertence ao grupo extinto das &#8220;formigas-do-inferno&#8221; (Haidomyrmecinae), conhecidas por suas mand\u00edbulas em forma de foice e estrat\u00e9gias predat\u00f3rias. O f\u00f3ssil foi encontrado na Forma\u00e7\u00e3o Crato, uma unidade geol\u00f3gica da Bacia do Araripe, reconhecida por sua riqueza paleontol\u00f3gica. \u200b<\/p>\n<p>O exemplar apresenta caracter\u00edsticas not\u00e1veis: \u00e9 uma formiga alada de aproximadamente 1,35 cm de comprimento, com mand\u00edbulas que se moviam verticalmente, diferentemente das formigas modernas, cujas mand\u00edbulas se movem horizontalmente. Al\u00e9m disso, possu\u00eda um ferr\u00e3o bem desenvolvido, semelhante ao de vespas, indicando que era uma predadora eficiente. \u200b<br \/>\nReuters<\/p>\n<p>Este f\u00f3ssil \u00e9 cerca de 13 milh\u00f5es de anos mais antigo que os registros anteriores de formigas, encontrados em \u00e2mbar na Fran\u00e7a e em Myanmar. Sua descoberta em rocha calc\u00e1ria, e n\u00e3o em \u00e2mbar, \u00e9 incomum e oferece novas perspectivas sobre a evolu\u00e7\u00e3o e dispers\u00e3o geogr\u00e1fica desses insetos. \u200b<\/p>\n<p>A descoberta refor\u00e7a estimativas moleculares que sugerem que as formigas surgiram entre 168 milh\u00f5es e 120 milh\u00f5es de anos atr\u00e1s, indicando uma diversifica\u00e7\u00e3o precoce do grupo. O ambiente onde Vulcanidris cratensis viveu era rico em biodiversidade, incluindo insetos, r\u00e9pteis, pterossauros e dinossauros com penas. \u200b<\/p>\n<p>O f\u00f3ssil estava em uma cole\u00e7\u00e3o privada antes de ser doado ao Museu de Zoologia da Universidade de S\u00e3o Paulo, onde foi estudado pelo entomologista Anderson Lepeco. A pesquisa foi publicada na revista cient\u00edfica Current Biology. \u200b<\/p>\n<p>Este achado destaca a import\u00e2ncia da Forma\u00e7\u00e3o Crato como um s\u00edtio paleontol\u00f3gico de relev\u00e2ncia mundial e contribui significativamente para o entendimento da evolu\u00e7\u00e3o das formigas e da biodiversidade do per\u00edodo Cret\u00e1ceo.<\/p>\n","protected":false},"excerpt":{"rendered":"<p>Cientistas identificaram no munic\u00edpio de Crato, no Cear\u00e1, o f\u00f3ssil da formiga mais antiga j\u00e1 registrada, datado de aproximadamente 113 milh\u00f5es de anos. A esp\u00e9cie, batizada de Vulcanidris cratensis, pertence ao grupo extinto das &#8220;formigas-do-inferno&#8221; (Haidomyrmecinae), conhecidas por suas mand\u00edbulas em forma de foice e estrat\u00e9gias predat\u00f3rias. O f\u00f3ssil foi encontrado na Forma\u00e7\u00e3o Crato, uma [&hellip;]<\/p>\n","protected":false},"author":2,"featured_media":352880,"comment_status":"closed","ping_status":"closed","sticky":false,"template":"","format":"standard","meta":{"_acf_changed":false,"footnotes":""},"categories":[165],"tags":[],"class_list":["post-352879","post","type-post","status-publish","format-standard","has-post-thumbnail","hentry","category-nordeste"],"acf":[],"_links":{"self":[{"href":"https:\/\/www.notibras.com\/site\/wp-json\/wp\/v2\/posts\/352879","targetHints":{"allow":["GET"]}}],"collection":[{"href":"https:\/\/www.notibras.com\/site\/wp-json\/wp\/v2\/posts"}],"about":[{"href":"https:\/\/www.notibras.com\/site\/wp-json\/wp\/v2\/types\/post"}],"author":[{"embeddable":true,"href":"https:\/\/www.notibras.com\/site\/wp-json\/wp\/v2\/users\/2"}],"replies":[{"embeddable":true,"href":"https:\/\/www.notibras.com\/site\/wp-json\/wp\/v2\/comments?post=352879"}],"version-history":[{"count":2,"href":"https:\/\/www.notibras.com\/site\/wp-json\/wp\/v2\/posts\/352879\/revisions"}],"predecessor-version":[{"id":352882,"href":"https:\/\/www.notibras.com\/site\/wp-json\/wp\/v2\/posts\/352879\/revisions\/352882"}],"wp:featuredmedia":[{"embeddable":true,"href":"https:\/\/www.notibras.com\/site\/wp-json\/wp\/v2\/media\/352880"}],"wp:attachment":[{"href":"https:\/\/www.notibras.com\/site\/wp-json\/wp\/v2\/media?parent=352879"}],"wp:term":[{"taxonomy":"category","embeddable":true,"href":"https:\/\/www.notibras.com\/site\/wp-json\/wp\/v2\/categories?post=352879"},{"taxonomy":"post_tag","embeddable":true,"href":"https:\/\/www.notibras.com\/site\/wp-json\/wp\/v2\/tags?post=352879"}],"curies":[{"name":"wp","href":"https:\/\/api.w.org\/{rel}","templated":true}]}}