{"id":352886,"date":"2025-04-27T06:23:54","date_gmt":"2025-04-27T09:23:54","guid":{"rendered":"https:\/\/www.notibras.com\/site\/?p=352886"},"modified":"2025-04-27T09:25:30","modified_gmt":"2025-04-27T12:25:30","slug":"aridez-nordestina-ganha-cara-nova-e-mais-folego-com-investimentos","status":"publish","type":"post","link":"https:\/\/www.notibras.com\/site\/aridez-nordestina-ganha-cara-nova-e-mais-folego-com-investimentos\/","title":{"rendered":"Aridez nordestina ganha cara nova e mais f\u00f4lego com investimentos"},"content":{"rendered":"<p>Com um investimento de R$ 1,7 bilh\u00e3o, o projeto Sert\u00e3o Vivo visa impulsionar a agricultura familiar sustent\u00e1vel no semi\u00e1rido nordestino.\u00a0A iniciativa busca combater a pobreza, enfrentar as mudan\u00e7as clim\u00e1ticas e promover a produ\u00e7\u00e3o de alimentos saud\u00e1veis, fortalecendo a seguran\u00e7a alimentar e a economia local.<\/p>\n<p>Na comunidade quilombola da Lapinha, em Igapor\u00e3, um projeto de agricultura sustent\u00e1vel foi desenvolvido, promovendo pr\u00e1ticas agr\u00edcolas que respeitam o meio ambiente e fortalecem a cultura local.\u00a0A iniciativa foi reconhecida nacionalmente por seu impacto positivo.<\/p>\n<p>Com sede em Macei\u00f3, o Instituto Ecoengenho desenvolve projetos de energia renov\u00e1vel, como solar e e\u00f3lica, para comunidades rurais.\u00a0Destacam-se iniciativas como a eletrifica\u00e7\u00e3o de escolas com energia fotovoltaica e o Projeto H2Sol, que utiliza energia solar para bombear \u00e1gua e incentivar o cultivo de pimentas, aumentando a renda de fam\u00edlias locais.<\/p>\n<p>A empresa CGN Brasil tem avan\u00e7ado em projetos de energia renov\u00e1vel no Nordeste, como o projeto Lagoa do Barro Retrofit, no Piau\u00ed, que visa modernizar e aumentar a efici\u00eancia das instala\u00e7\u00f5es e\u00f3licas na regi\u00e3o<\/p>\n<p>Lan\u00e7ada em mar\u00e7o \u00faltimo, a primeira Reserva Solar do mundo foi criada na Praia de Piedade, em Pernambuco.\u00a0A iniciativa busca preservar o espa\u00e7o a\u00e9reo para garantir a incid\u00eancia de luz solar nas praias, evitando sombras projetadas por edif\u00edcios altos e promovendo um debate sobre o zoneamento urbano sustent\u00e1vel.<\/p>\n<p>O projeto Teia da Sustentabilidade, em Icapu\u00ed, no Cear\u00e1, foi criado para proteger e recuperar o ecossistema local por meio de a\u00e7\u00f5es de educa\u00e7\u00e3o ambiental e conserva\u00e7\u00e3o, garantindo \u00e1gua de qualidade e sua gest\u00e3o sustent\u00e1vel para todos.<\/p>\n<p>O programa StartupNE \u00e9 o maior de acelera\u00e7\u00e3o de startups no Nordeste brasileiro, j\u00e1 tendo impactado mais de 500 neg\u00f3cios em diferentes setores.\u00a0A iniciativa busca fomentar o empreendedorismo e a inova\u00e7\u00e3o na regi\u00e3o, promovendo solu\u00e7\u00f5es sustent\u00e1veis e tecnol\u00f3gicas para os desafios locais.\u00a0\u200b<\/p>\n<p>O Programa de Desenvolvimento Territorial (PRODETER) do Banco do Nordeste e os investimentos da Sudene fortalecem cadeias produtivas sustent\u00e1veis e promovem a reutiliza\u00e7\u00e3o de res\u00edduos em mais de 10 cidades, impulsionando a economia circular e o desenvolvimento regional.<\/p>\n<p><strong>Cons\u00f3rcio Nordeste<\/strong><br \/>\nFormado pelos nove estados da regi\u00e3o, o Cons\u00f3rcio Interestadual de Desenvolvimento Sustent\u00e1vel do Nordeste promove a integra\u00e7\u00e3o regional e a implementa\u00e7\u00e3o de pol\u00edticas p\u00fablicas voltadas para o desenvolvimento sustent\u00e1vel, incluindo \u00e1reas como educa\u00e7\u00e3o, sa\u00fade, infraestrutura e seguran\u00e7a.\u00a0\u200b<\/p>\n<p>Lan\u00e7ado pelo Minist\u00e9rio da Agricultura, Pecu\u00e1ria e Abastecimento, o plano visa impulsionar o desenvolvimento econ\u00f4mico, social e sustent\u00e1vel da Regi\u00e3o Nordeste, fortalecendo as cadeias produtivas e ampliando o potencial de sucesso dos agricultores familiares da zona semi\u00e1rida.<\/p>\n<p>Esses projetos demonstram o potencial do Nordeste brasileiro em liderar iniciativas sustent\u00e1veis e inovadoras, promovendo o desenvolvimento regional e a preserva\u00e7\u00e3o ambiental.\u00a0A uni\u00e3o entre governos, organiza\u00e7\u00f5es n\u00e3o governamentais, empresas e comunidades locais tem sido fundamental para transformar desafios em oportunidades, construindo um futuro mais justo e sustent\u00e1vel para a regi\u00e3o.<\/p>\n","protected":false},"excerpt":{"rendered":"<p>Com um investimento de R$ 1,7 bilh\u00e3o, o projeto Sert\u00e3o Vivo visa impulsionar a agricultura familiar sustent\u00e1vel no semi\u00e1rido nordestino.\u00a0A iniciativa busca combater a pobreza, enfrentar as mudan\u00e7as clim\u00e1ticas e promover a produ\u00e7\u00e3o de alimentos saud\u00e1veis, fortalecendo a seguran\u00e7a alimentar e a economia local. Na comunidade quilombola da Lapinha, em Igapor\u00e3, um projeto de agricultura [&hellip;]<\/p>\n","protected":false},"author":2,"featured_media":352887,"comment_status":"closed","ping_status":"closed","sticky":false,"template":"","format":"standard","meta":{"_acf_changed":false,"footnotes":""},"categories":[165],"tags":[],"class_list":["post-352886","post","type-post","status-publish","format-standard","has-post-thumbnail","hentry","category-nordeste"],"acf":[],"_links":{"self":[{"href":"https:\/\/www.notibras.com\/site\/wp-json\/wp\/v2\/posts\/352886","targetHints":{"allow":["GET"]}}],"collection":[{"href":"https:\/\/www.notibras.com\/site\/wp-json\/wp\/v2\/posts"}],"about":[{"href":"https:\/\/www.notibras.com\/site\/wp-json\/wp\/v2\/types\/post"}],"author":[{"embeddable":true,"href":"https:\/\/www.notibras.com\/site\/wp-json\/wp\/v2\/users\/2"}],"replies":[{"embeddable":true,"href":"https:\/\/www.notibras.com\/site\/wp-json\/wp\/v2\/comments?post=352886"}],"version-history":[{"count":1,"href":"https:\/\/www.notibras.com\/site\/wp-json\/wp\/v2\/posts\/352886\/revisions"}],"predecessor-version":[{"id":352888,"href":"https:\/\/www.notibras.com\/site\/wp-json\/wp\/v2\/posts\/352886\/revisions\/352888"}],"wp:featuredmedia":[{"embeddable":true,"href":"https:\/\/www.notibras.com\/site\/wp-json\/wp\/v2\/media\/352887"}],"wp:attachment":[{"href":"https:\/\/www.notibras.com\/site\/wp-json\/wp\/v2\/media?parent=352886"}],"wp:term":[{"taxonomy":"category","embeddable":true,"href":"https:\/\/www.notibras.com\/site\/wp-json\/wp\/v2\/categories?post=352886"},{"taxonomy":"post_tag","embeddable":true,"href":"https:\/\/www.notibras.com\/site\/wp-json\/wp\/v2\/tags?post=352886"}],"curies":[{"name":"wp","href":"https:\/\/api.w.org\/{rel}","templated":true}]}}