{"id":352934,"date":"2025-04-28T03:53:25","date_gmt":"2025-04-28T06:53:25","guid":{"rendered":"https:\/\/www.notibras.com\/site\/?p=352934"},"modified":"2025-04-27T22:54:47","modified_gmt":"2025-04-28T01:54:47","slug":"uma-velha-historia-la-do-amarelnho-no-gilberto-volta-a-ordem-do-dia","status":"publish","type":"post","link":"https:\/\/www.notibras.com\/site\/uma-velha-historia-la-do-amarelnho-no-gilberto-volta-a-ordem-do-dia\/","title":{"rendered":"Uma velha historia l\u00e1 do Amarelnho, no Gilberto, volta \u00e0 ordem do dia"},"content":{"rendered":"<p>Poder\u00edamos afirmar que, assim que M\u00e1rcia e M\u00facio se beijaram primeira vez, foi poss\u00edvel vislumbrar fa\u00edscas saindo daqueles l\u00e1bios ardentes. A partir daquele instante, os dois perceberam que tal evento seria muito mais do que uma noite t\u00f3rrida de amor, na ent\u00e3o menina capital do pa\u00eds em 1972.<\/p>\n<p>Loira oxigenada, 38 anos, M\u00e1rcia andava com um pequeno rev\u00f3lver calibre .22 na bolsa de couro leg\u00edtimo. Era para se livrar de certos homens inconvenientes, que, naquele tempo, se achavam no direito de tentar se aproximar \u00e0 for\u00e7a por conta da situa\u00e7\u00e3o de desquitada da mulher. Diante de tal argumento, at\u00e9 os amigos mais pr\u00f3ximos concordavam que ela n\u00e3o estava de todo errada.<\/p>\n<p>M\u00facio, por sua, vez, 42 anos, ostentava algo maior e mais potente na cintura: um rev\u00f3lver calibre .38, desses de meter medo at\u00e9 em le\u00e3o de ch\u00e1cara. Ningu\u00e9m se atrevia a se meter \u00e0 besta com o sujeito, que sorria cheio de si sob o vasto bigode, t\u00e3o em moda naqueles idos. Ademais, o gajo possu\u00eda um f\u00edsico invej\u00e1vel, fruto de in\u00fameras flex\u00f5es antes de se arrumar para ir trabalhar em um dos mais concorridos jornais que circulavam em Bras\u00edlia.<\/p>\n<p>O casal parecia deveras apaixonado, tanto \u00e9 que n\u00e3o havia quem ousasse contestar os constantes arroubos de ci\u00fame daqueles dois, por mais tolos que fossem os motivos. Quem ama cuida, diziam os mais chegados. Mas eis que, certa noite, num afamado botequim na Asa Norte, o inevit\u00e1vel aconteceu.<\/p>\n<p>L\u00e1 estava o M\u00facio bebendo todas ao lado de amigos, entre os quais o companheiro de reda\u00e7\u00e3o, o Jos\u00e9, jornalista dos melhores. Repare voc\u00ea que o problema n\u00e3o eram os homens que se aglomeravam ao redor da mesa, mas a cocotinha que enla\u00e7ava o pesco\u00e7o do quase marido da M\u00e1rcia. Seu nome? Bem, tal detalhe n\u00e3o importa. Todavia, como tenho boca de balde, irei satisfazer sua curiosidade: S\u00f4nia.<\/p>\n<p>S\u00f3 de escrever esse lindo nome feminino, sinto in\u00fameros calafrios. Para quem desconhece seu significado, digo-lhe que \u00e9 de origem russa, diminutivo do grego Sophia, que quer dizer sabedoria. E, assim como voc\u00ea, tenho certeza de que M\u00facio n\u00e3o estava propriamente interessado no quociente de intelig\u00eancia da beldade de pele trigueira. N\u00e3o mesmo!<\/p>\n<p>M\u00e1rcia, por sua vez, n\u00e3o iria discordar do nosso pensamento, ainda mais ap\u00f3s flagrar os ad\u00falteros em momento t\u00e3o singular de in\u00edcio de namorico. Furiosa, n\u00e3o teve d\u00favida. Sacou seu rev\u00f3lver e o apontou em dire\u00e7\u00e3o ao amado, que, pego de surpresa, ficou sem a\u00e7\u00e3o. S\u00f4nia, a bela S\u00f4nia, foi se esconder no banheiro, quem sabe com o intuito de refazer a maquiagem.<\/p>\n<p>Gritos desesperados no bar, o destino do M\u00facio parecia selado. Parecia, at\u00e9 que o Jos\u00e9, not\u00f3rio pela costumeira falta de coragem, deve ter encontrado alguma e, inesperadamente, se postou entre o amigo e o cano do rev\u00f3lver.<\/p>\n<p>\u2014 M\u00e1rcia, por favor!<\/p>\n<p>\u2014 Por favor, o qu\u00ea, Jos\u00e9?<\/p>\n<p>\u2014 Estamos entre amigos.<\/p>\n<p>\u2014 Hum! Amigos! Conta outra!<\/p>\n<p>Por sorte, do nada, eis que a M\u00e1rcia abaixou a arma e desandou a chorar. Sem tempo a perder, Jos\u00e9 se aproximou da mulher, que, assustada e por azar, acabou disparando no peito do gajo. Bem, aqui vale outro adendo.<\/p>\n<p>Enquanto o calibre .38 n\u00e3o pede passagem quando quer entrar e, sem pudor, arranca as carnes e quase sempre faz o trajeto em linha reta, muitas vezes saindo pelo outro lado, o .22 possui l\u00e1 suas artimanhas. \u00c9 que, trai\u00e7oeiro que \u00e9, gosta de percorrer trilhas pelo corpo da v\u00edtima, que, n\u00e3o raro, sangra internamente at\u00e9 morrer.<\/p>\n<p>Bem, o her\u00f3i improv\u00e1vel n\u00e3o morreu, pois foi socorrido a tempo ao Hospital de Base. Entretanto, o que salvou o nosso Jos\u00e9 veio do local mais surpreendente. \u00c9 que o jornalista possu\u00eda tipo sangu\u00edneo rar\u00edssimo, O negativo, que estava em falta. Mas eis que era o mesmo da esquentada M\u00e1rcia.<\/p>\n<p>Como ironia pouca \u00e9 bobagem, M\u00e1rcia, repleta de remorso at\u00e9 o \u00faltimo fio de cabelo tingido, fez quest\u00e3o de ficar ao lado do moribundo at\u00e9 a sua completa recupera\u00e7\u00e3o. E, entre olhares de desespero e esperan\u00e7a, os dois acabaram se apaixonando. Quem n\u00e3o gostou nada dessa hist\u00f3ria foi o M\u00facio, que prometeu dar cabo no amigo da on\u00e7a.<\/p>\n<p>Diante do espelho, M\u00facio estava decidido em prosseguir com seu intuito, quando um resqu\u00edcio de raz\u00e3o apareceu carregado pelo vento que entrou pela janela do banheiro. Melhor deixar aquela trai\u00e7\u00e3o de lado. O motivo, at\u00e9 hoje ningu\u00e9m sabe. Se bem que, para quem desconhece, diz-se \u00e0 boca pequena que o Jos\u00e9 tratava a navalha com maestria.<\/p>\n<p>&#8230;&#8230;&#8230;&#8230;&#8230;&#8230;&#8230;..<\/p>\n<p><strong>Eduardo Mart\u00ednez \u00e9 autor do livro 57 Contos e Cr\u00f4nicas por um Autor Muito Velho\u2019<\/strong><\/p>\n<p>Compre aqui\u00a0<span class=\"x19la9d6 x1fc57z9 x6ikm8r x10wlt62 x19co3pv x1g5zs5t xfibh0p xiy17q3 x1xsqp64 x1lkfr7t xexx8yu x4uap5 x18d9i69 xkhd6sd\"><span class=\"xrtxmta x1bhl96m\"><img decoding=\"async\" class=\"emoji\" role=\"img\" draggable=\"false\" src=\"https:\/\/s.w.org\/images\/core\/emoji\/15.0.3\/svg\/1f447-1f3ff.svg\" alt=\"&#x1f447;&#x1f3ff;\" \/><\/span><\/span><\/p>\n<p><a href=\"https:\/\/www.joanineditora.com.br\/57-contos-e-cronicas-por-um-autor-muito-velho\">https:\/\/www.joanineditora.com.br\/57-contos-e-cronicas-por-um-autor-muito-velho<\/a><\/p>\n","protected":false},"excerpt":{"rendered":"<p>Poder\u00edamos afirmar que, assim que M\u00e1rcia e M\u00facio se beijaram primeira vez, foi poss\u00edvel vislumbrar fa\u00edscas saindo daqueles l\u00e1bios ardentes. A partir daquele instante, os dois perceberam que tal evento seria muito mais do que uma noite t\u00f3rrida de amor, na ent\u00e3o menina capital do pa\u00eds em 1972. Loira oxigenada, 38 anos, M\u00e1rcia andava com [&hellip;]<\/p>\n","protected":false},"author":2,"featured_media":352935,"comment_status":"closed","ping_status":"closed","sticky":false,"template":"","format":"standard","meta":{"_acf_changed":false,"footnotes":""},"categories":[161],"tags":[],"class_list":["post-352934","post","type-post","status-publish","format-standard","has-post-thumbnail","hentry","category-quadradinho-em-foco"],"acf":[],"_links":{"self":[{"href":"https:\/\/www.notibras.com\/site\/wp-json\/wp\/v2\/posts\/352934","targetHints":{"allow":["GET"]}}],"collection":[{"href":"https:\/\/www.notibras.com\/site\/wp-json\/wp\/v2\/posts"}],"about":[{"href":"https:\/\/www.notibras.com\/site\/wp-json\/wp\/v2\/types\/post"}],"author":[{"embeddable":true,"href":"https:\/\/www.notibras.com\/site\/wp-json\/wp\/v2\/users\/2"}],"replies":[{"embeddable":true,"href":"https:\/\/www.notibras.com\/site\/wp-json\/wp\/v2\/comments?post=352934"}],"version-history":[{"count":1,"href":"https:\/\/www.notibras.com\/site\/wp-json\/wp\/v2\/posts\/352934\/revisions"}],"predecessor-version":[{"id":352936,"href":"https:\/\/www.notibras.com\/site\/wp-json\/wp\/v2\/posts\/352934\/revisions\/352936"}],"wp:featuredmedia":[{"embeddable":true,"href":"https:\/\/www.notibras.com\/site\/wp-json\/wp\/v2\/media\/352935"}],"wp:attachment":[{"href":"https:\/\/www.notibras.com\/site\/wp-json\/wp\/v2\/media?parent=352934"}],"wp:term":[{"taxonomy":"category","embeddable":true,"href":"https:\/\/www.notibras.com\/site\/wp-json\/wp\/v2\/categories?post=352934"},{"taxonomy":"post_tag","embeddable":true,"href":"https:\/\/www.notibras.com\/site\/wp-json\/wp\/v2\/tags?post=352934"}],"curies":[{"name":"wp","href":"https:\/\/api.w.org\/{rel}","templated":true}]}}