{"id":35294,"date":"2015-01-29T01:54:10","date_gmt":"2015-01-29T04:54:10","guid":{"rendered":"http:\/\/www.notibras.com\/site\/?p=35294"},"modified":"2015-01-29T11:42:03","modified_gmt":"2015-01-29T14:42:03","slug":"cunha-ameaca-retaliar-planalto-por-interferencia-na-disputa-pela-camara","status":"publish","type":"post","link":"https:\/\/www.notibras.com\/site\/cunha-ameaca-retaliar-planalto-por-interferencia-na-disputa-pela-camara\/","title":{"rendered":"Cunha amea\u00e7a retaliar Planalto por se meter na disputa pela C\u00e2mara"},"content":{"rendered":"<div class=\"content\">\n<p>O l\u00edder do PMDB e candidato \u00e0 Presid\u00eancia da C\u00e2mara, deputado Eduardo Cunha (RJ), reagiu \u00e0 participa\u00e7\u00e3o de cinco ministros em almo\u00e7o organizado na quarta 28 para buscar apoio \u00e0 candidatura do petista Arlindo Chinaglia (SP), onde estiveram lideran\u00e7as de v\u00e1rios partidos. De acordo com Cunha, n\u00e3o tem nenhum problema ter candidatos diferentes dentro da base governista, mas \u201csignifica voc\u00ea ter que respeitar a todos\u201d.<\/p>\n<p>\u201cSe o governo interferir [na disputa], ele vai criar um descompasso entre aliados da mesma base. O almo\u00e7o de alguns ministros que est\u00e3o apoiando, eventualmente, \u00e9 uma coisa. N\u00e3o acho bom. N\u00e3o deveria faz\u00ea-lo\u201d, disse o peemedebista ao afirmar que o Parlamento \u00e9 livre, soberano e independente para ter a disputa. Cunha disse que n\u00e3o est\u00e1 fazendo almo\u00e7os com os ministros do seu partido.<\/p>\n<blockquote><p>Eduardo Cunha disse que quer saber se est\u00e1 havendo interfer\u00eancia, press\u00e3o, amea\u00e7as de oferecimento de vantagens, cargos e retalia\u00e7\u00f5es em fun\u00e7\u00e3o da disputa pela Presid\u00eancia da C\u00e2mara. \u201cSe \u00e9 isso, n\u00e3o \u00e9 uma coisa boa. Mostra a tentativa de interfer\u00eancia de um poder [Executivo] na elei\u00e7\u00e3o de outro poder [Legislativo]. O efeito vai ser o contr\u00e1rio. O poder vai se mostrar independente nesta elei\u00e7\u00e3o do dia 1\u00ba\u201d, disse o candidato.<\/p><\/blockquote>\n<p>Perguntado se a movimenta\u00e7\u00e3o dos ministros para ajudar a candidatura de Chinaglia era in\u00fatil ou indevida, Cunha disse que se for interfer\u00eancia dos ministros, ela \u00e9 indevida. \u201cMovimenta\u00e7\u00e3o tem direito de fazer quem quiser. Isso \u00e9 democracia. Ningu\u00e9m vai questionar nada\u201d, afirmou.<\/p>\n<p>O deputado Arlindo Chinaglia disse que a reuni\u00e3o com as lideran\u00e7as e dirigentes de oito partidos teve um peso importante na sua campanha, mas que ele vai continuar trabalhando para conquistar os votos necess\u00e1rios para sua elei\u00e7\u00e3o.\u00a0 Ele disse que n\u00e3o est\u00e1 havendo interfer\u00eancia do governo na sua candidatura e que os ministros foram ao evento no hor\u00e1rio de almo\u00e7o deles.<\/p>\n<p>Durante o almo\u00e7o, as lideran\u00e7as partid\u00e1rias e os ministros conversaram sobre a forma\u00e7\u00e3o de um bloco partid\u00e1rio de partidos da base governista visando \u00e0 elei\u00e7\u00e3o para a Mesa Diretora da C\u00e2mara no pr\u00f3ximo domingo (1\u00ba) e a forma\u00e7\u00e3o das comiss\u00f5es t\u00e9cnicas da Casa que atuar\u00e3o nesta legislatura.<\/p>\n<\/div>\n","protected":false},"excerpt":{"rendered":"<p>O l\u00edder do PMDB e candidato \u00e0 Presid\u00eancia da C\u00e2mara, deputado Eduardo Cunha (RJ), reagiu \u00e0 participa\u00e7\u00e3o de cinco ministros em almo\u00e7o organizado na quarta 28 para buscar apoio \u00e0 candidatura do petista Arlindo Chinaglia (SP), onde estiveram lideran\u00e7as de v\u00e1rios partidos. De acordo com Cunha, n\u00e3o tem nenhum problema ter candidatos diferentes dentro da [&hellip;]<\/p>\n","protected":false},"author":2,"featured_media":35296,"comment_status":"open","ping_status":"closed","sticky":false,"template":"","format":"standard","meta":{"_acf_changed":false,"footnotes":""},"categories":[16],"tags":[],"class_list":["post-35294","post","type-post","status-publish","format-standard","has-post-thumbnail","hentry","category-brasil"],"acf":[],"yoast_head":"<!-- This site is optimized with the Yoast SEO plugin v27.2 - https:\/\/yoast.com\/product\/yoast-seo-wordpress\/ -->\n<title>Cunha amea\u00e7a retaliar Planalto por se meter na disputa pela C\u00e2mara - Notibras<\/title>\n<meta name=\"robots\" content=\"index, follow, max-snippet:-1, max-image-preview:large, max-video-preview:-1\" \/>\n<link rel=\"canonical\" href=\"https:\/\/www.notibras.com\/site\/cunha-ameaca-retaliar-planalto-por-interferencia-na-disputa-pela-camara\/\" \/>\n<meta property=\"og:locale\" content=\"pt_BR\" \/>\n<meta property=\"og:type\" content=\"article\" \/>\n<meta property=\"og:title\" content=\"Cunha amea\u00e7a retaliar Planalto por se meter na disputa pela C\u00e2mara - Notibras\" \/>\n<meta property=\"og:description\" content=\"O l\u00edder do PMDB e candidato \u00e0 Presid\u00eancia da C\u00e2mara, deputado Eduardo Cunha (RJ), reagiu \u00e0 participa\u00e7\u00e3o de cinco ministros em almo\u00e7o organizado na quarta 28 para buscar apoio \u00e0 candidatura do petista Arlindo Chinaglia (SP), onde estiveram lideran\u00e7as de v\u00e1rios partidos. De acordo com Cunha, n\u00e3o tem nenhum problema ter candidatos diferentes dentro da [&hellip;]\" \/>\n<meta property=\"og:url\" content=\"https:\/\/www.notibras.com\/site\/cunha-ameaca-retaliar-planalto-por-interferencia-na-disputa-pela-camara\/\" \/>\n<meta property=\"og:site_name\" content=\"Notibras\" \/>\n<meta property=\"article:publisher\" content=\"https:\/\/www.facebook.com\/notibras\/\" \/>\n<meta property=\"article:published_time\" content=\"2015-01-29T04:54:10+00:00\" \/>\n<meta property=\"article:modified_time\" content=\"2015-01-29T14:42:03+00:00\" \/>\n<meta property=\"og:image\" content=\"https:\/\/www.notibras.com\/site\/wp-content\/uploads\/2015\/01\/ec.1.jpg\" \/>\n\t<meta property=\"og:image:width\" content=\"627\" \/>\n\t<meta property=\"og:image:height\" content=\"390\" \/>\n\t<meta property=\"og:image:type\" content=\"image\/jpeg\" \/>\n<meta name=\"author\" content=\"Reda\u00e7\u00e3o\" \/>\n<meta name=\"twitter:card\" content=\"summary_large_image\" \/>\n<meta name=\"twitter:creator\" content=\"@Notibras\" \/>\n<meta name=\"twitter:site\" content=\"@Notibras\" \/>\n<meta name=\"twitter:label1\" content=\"Escrito por\" \/>\n\t<meta name=\"twitter:data1\" content=\"Reda\u00e7\u00e3o\" \/>\n\t<meta name=\"twitter:label2\" content=\"Est. tempo de leitura\" \/>\n\t<meta name=\"twitter:data2\" content=\"2 minutos\" \/>\n<script type=\"application\/ld+json\" class=\"yoast-schema-graph\">{\"@context\":\"https:\/\/schema.org\",\"@graph\":[{\"@type\":\"Article\",\"@id\":\"https:\/\/www.notibras.com\/site\/cunha-ameaca-retaliar-planalto-por-interferencia-na-disputa-pela-camara\/#article\",\"isPartOf\":{\"@id\":\"https:\/\/www.notibras.com\/site\/cunha-ameaca-retaliar-planalto-por-interferencia-na-disputa-pela-camara\/\"},\"author\":{\"name\":\"Reda\u00e7\u00e3o\",\"@id\":\"https:\/\/www.notibras.com\/site\/#\/schema\/person\/36ab0979449956132d3e5b517ea76ac8\"},\"headline\":\"Cunha amea\u00e7a retaliar Planalto por se meter na disputa pela C\u00e2mara\",\"datePublished\":\"2015-01-29T04:54:10+00:00\",\"dateModified\":\"2015-01-29T14:42:03+00:00\",\"mainEntityOfPage\":{\"@id\":\"https:\/\/www.notibras.com\/site\/cunha-ameaca-retaliar-planalto-por-interferencia-na-disputa-pela-camara\/\"},\"wordCount\":401,\"commentCount\":0,\"publisher\":{\"@id\":\"https:\/\/www.notibras.com\/site\/#organization\"},\"image\":{\"@id\":\"https:\/\/www.notibras.com\/site\/cunha-ameaca-retaliar-planalto-por-interferencia-na-disputa-pela-camara\/#primaryimage\"},\"thumbnailUrl\":\"https:\/\/www.notibras.com\/site\/wp-content\/uploads\/2015\/01\/ec.1.jpg\",\"articleSection\":[\"Brasil\"],\"inLanguage\":\"pt-BR\",\"potentialAction\":[{\"@type\":\"CommentAction\",\"name\":\"Comment\",\"target\":[\"https:\/\/www.notibras.com\/site\/cunha-ameaca-retaliar-planalto-por-interferencia-na-disputa-pela-camara\/#respond\"]}]},{\"@type\":\"WebPage\",\"@id\":\"https:\/\/www.notibras.com\/site\/cunha-ameaca-retaliar-planalto-por-interferencia-na-disputa-pela-camara\/\",\"url\":\"https:\/\/www.notibras.com\/site\/cunha-ameaca-retaliar-planalto-por-interferencia-na-disputa-pela-camara\/\",\"name\":\"Cunha amea\u00e7a retaliar Planalto por se meter na disputa pela C\u00e2mara - Notibras\",\"isPartOf\":{\"@id\":\"https:\/\/www.notibras.com\/site\/#website\"},\"primaryImageOfPage\":{\"@id\":\"https:\/\/www.notibras.com\/site\/cunha-ameaca-retaliar-planalto-por-interferencia-na-disputa-pela-camara\/#primaryimage\"},\"image\":{\"@id\":\"https:\/\/www.notibras.com\/site\/cunha-ameaca-retaliar-planalto-por-interferencia-na-disputa-pela-camara\/#primaryimage\"},\"thumbnailUrl\":\"https:\/\/www.notibras.com\/site\/wp-content\/uploads\/2015\/01\/ec.1.jpg\",\"datePublished\":\"2015-01-29T04:54:10+00:00\",\"dateModified\":\"2015-01-29T14:42:03+00:00\",\"breadcrumb\":{\"@id\":\"https:\/\/www.notibras.com\/site\/cunha-ameaca-retaliar-planalto-por-interferencia-na-disputa-pela-camara\/#breadcrumb\"},\"inLanguage\":\"pt-BR\",\"potentialAction\":[{\"@type\":\"ReadAction\",\"target\":[\"https:\/\/www.notibras.com\/site\/cunha-ameaca-retaliar-planalto-por-interferencia-na-disputa-pela-camara\/\"]}]},{\"@type\":\"ImageObject\",\"inLanguage\":\"pt-BR\",\"@id\":\"https:\/\/www.notibras.com\/site\/cunha-ameaca-retaliar-planalto-por-interferencia-na-disputa-pela-camara\/#primaryimage\",\"url\":\"https:\/\/www.notibras.com\/site\/wp-content\/uploads\/2015\/01\/ec.1.jpg\",\"contentUrl\":\"https:\/\/www.notibras.com\/site\/wp-content\/uploads\/2015\/01\/ec.1.jpg\",\"width\":627,\"height\":390},{\"@type\":\"BreadcrumbList\",\"@id\":\"https:\/\/www.notibras.com\/site\/cunha-ameaca-retaliar-planalto-por-interferencia-na-disputa-pela-camara\/#breadcrumb\",\"itemListElement\":[{\"@type\":\"ListItem\",\"position\":1,\"name\":\"In\u00edcio\",\"item\":\"https:\/\/www.notibras.com\/site\/\"},{\"@type\":\"ListItem\",\"position\":2,\"name\":\"Cunha amea\u00e7a retaliar Planalto por se meter na disputa pela C\u00e2mara\"}]},{\"@type\":\"WebSite\",\"@id\":\"https:\/\/www.notibras.com\/site\/#website\",\"url\":\"https:\/\/www.notibras.com\/site\/\",\"name\":\"Notibras\",\"description\":\"Not\u00edcias de Bras\u00edlia, do Brasil e do Mundo\",\"publisher\":{\"@id\":\"https:\/\/www.notibras.com\/site\/#organization\"},\"potentialAction\":[{\"@type\":\"SearchAction\",\"target\":{\"@type\":\"EntryPoint\",\"urlTemplate\":\"https:\/\/www.notibras.com\/site\/?s={search_term_string}\"},\"query-input\":{\"@type\":\"PropertyValueSpecification\",\"valueRequired\":true,\"valueName\":\"search_term_string\"}}],\"inLanguage\":\"pt-BR\"},{\"@type\":\"Organization\",\"@id\":\"https:\/\/www.notibras.com\/site\/#organization\",\"name\":\"Grupo Notibras de Comunica\u00e7\u00e3o\",\"url\":\"https:\/\/www.notibras.com\/site\/\",\"logo\":{\"@type\":\"ImageObject\",\"inLanguage\":\"pt-BR\",\"@id\":\"https:\/\/www.notibras.com\/site\/#\/schema\/logo\/image\/\",\"url\":\"https:\/\/www.notibras.com\/site\/wp-content\/uploads\/2023\/01\/notibras23.png\",\"contentUrl\":\"https:\/\/www.notibras.com\/site\/wp-content\/uploads\/2023\/01\/notibras23.png\",\"width\":350,\"height\":87,\"caption\":\"Grupo Notibras de Comunica\u00e7\u00e3o\"},\"image\":{\"@id\":\"https:\/\/www.notibras.com\/site\/#\/schema\/logo\/image\/\"},\"sameAs\":[\"https:\/\/www.facebook.com\/notibras\/\",\"https:\/\/x.com\/Notibras\",\"https:\/\/www.instagram.com\/notibras\/\"]},{\"@type\":\"Person\",\"@id\":\"https:\/\/www.notibras.com\/site\/#\/schema\/person\/36ab0979449956132d3e5b517ea76ac8\",\"name\":\"Reda\u00e7\u00e3o\",\"image\":{\"@type\":\"ImageObject\",\"inLanguage\":\"pt-BR\",\"@id\":\"https:\/\/secure.gravatar.com\/avatar\/e0a867bdedb85fd243eadf09663511f96fc81e0720a4a42581f334ad4303aa6b?s=96&d=mm&r=g\",\"url\":\"https:\/\/secure.gravatar.com\/avatar\/e0a867bdedb85fd243eadf09663511f96fc81e0720a4a42581f334ad4303aa6b?s=96&d=mm&r=g\",\"contentUrl\":\"https:\/\/secure.gravatar.com\/avatar\/e0a867bdedb85fd243eadf09663511f96fc81e0720a4a42581f334ad4303aa6b?s=96&d=mm&r=g\",\"caption\":\"Reda\u00e7\u00e3o\"}}]}<\/script>\n<!-- \/ Yoast SEO plugin. -->","yoast_head_json":{"title":"Cunha amea\u00e7a retaliar Planalto por se meter na disputa pela C\u00e2mara - Notibras","robots":{"index":"index","follow":"follow","max-snippet":"max-snippet:-1","max-image-preview":"max-image-preview:large","max-video-preview":"max-video-preview:-1"},"canonical":"https:\/\/www.notibras.com\/site\/cunha-ameaca-retaliar-planalto-por-interferencia-na-disputa-pela-camara\/","og_locale":"pt_BR","og_type":"article","og_title":"Cunha amea\u00e7a retaliar Planalto por se meter na disputa pela C\u00e2mara - Notibras","og_description":"O l\u00edder do PMDB e candidato \u00e0 Presid\u00eancia da C\u00e2mara, deputado Eduardo Cunha (RJ), reagiu \u00e0 participa\u00e7\u00e3o de cinco ministros em almo\u00e7o organizado na quarta 28 para buscar apoio \u00e0 candidatura do petista Arlindo Chinaglia (SP), onde estiveram lideran\u00e7as de v\u00e1rios partidos. De acordo com Cunha, n\u00e3o tem nenhum problema ter candidatos diferentes dentro da [&hellip;]","og_url":"https:\/\/www.notibras.com\/site\/cunha-ameaca-retaliar-planalto-por-interferencia-na-disputa-pela-camara\/","og_site_name":"Notibras","article_publisher":"https:\/\/www.facebook.com\/notibras\/","article_published_time":"2015-01-29T04:54:10+00:00","article_modified_time":"2015-01-29T14:42:03+00:00","og_image":[{"width":627,"height":390,"url":"https:\/\/www.notibras.com\/site\/wp-content\/uploads\/2015\/01\/ec.1.jpg","type":"image\/jpeg"}],"author":"Reda\u00e7\u00e3o","twitter_card":"summary_large_image","twitter_creator":"@Notibras","twitter_site":"@Notibras","twitter_misc":{"Escrito por":"Reda\u00e7\u00e3o","Est. tempo de leitura":"2 minutos"},"schema":{"@context":"https:\/\/schema.org","@graph":[{"@type":"Article","@id":"https:\/\/www.notibras.com\/site\/cunha-ameaca-retaliar-planalto-por-interferencia-na-disputa-pela-camara\/#article","isPartOf":{"@id":"https:\/\/www.notibras.com\/site\/cunha-ameaca-retaliar-planalto-por-interferencia-na-disputa-pela-camara\/"},"author":{"name":"Reda\u00e7\u00e3o","@id":"https:\/\/www.notibras.com\/site\/#\/schema\/person\/36ab0979449956132d3e5b517ea76ac8"},"headline":"Cunha amea\u00e7a retaliar Planalto por se meter na disputa pela C\u00e2mara","datePublished":"2015-01-29T04:54:10+00:00","dateModified":"2015-01-29T14:42:03+00:00","mainEntityOfPage":{"@id":"https:\/\/www.notibras.com\/site\/cunha-ameaca-retaliar-planalto-por-interferencia-na-disputa-pela-camara\/"},"wordCount":401,"commentCount":0,"publisher":{"@id":"https:\/\/www.notibras.com\/site\/#organization"},"image":{"@id":"https:\/\/www.notibras.com\/site\/cunha-ameaca-retaliar-planalto-por-interferencia-na-disputa-pela-camara\/#primaryimage"},"thumbnailUrl":"https:\/\/www.notibras.com\/site\/wp-content\/uploads\/2015\/01\/ec.1.jpg","articleSection":["Brasil"],"inLanguage":"pt-BR","potentialAction":[{"@type":"CommentAction","name":"Comment","target":["https:\/\/www.notibras.com\/site\/cunha-ameaca-retaliar-planalto-por-interferencia-na-disputa-pela-camara\/#respond"]}]},{"@type":"WebPage","@id":"https:\/\/www.notibras.com\/site\/cunha-ameaca-retaliar-planalto-por-interferencia-na-disputa-pela-camara\/","url":"https:\/\/www.notibras.com\/site\/cunha-ameaca-retaliar-planalto-por-interferencia-na-disputa-pela-camara\/","name":"Cunha amea\u00e7a retaliar Planalto por se meter na disputa pela C\u00e2mara - Notibras","isPartOf":{"@id":"https:\/\/www.notibras.com\/site\/#website"},"primaryImageOfPage":{"@id":"https:\/\/www.notibras.com\/site\/cunha-ameaca-retaliar-planalto-por-interferencia-na-disputa-pela-camara\/#primaryimage"},"image":{"@id":"https:\/\/www.notibras.com\/site\/cunha-ameaca-retaliar-planalto-por-interferencia-na-disputa-pela-camara\/#primaryimage"},"thumbnailUrl":"https:\/\/www.notibras.com\/site\/wp-content\/uploads\/2015\/01\/ec.1.jpg","datePublished":"2015-01-29T04:54:10+00:00","dateModified":"2015-01-29T14:42:03+00:00","breadcrumb":{"@id":"https:\/\/www.notibras.com\/site\/cunha-ameaca-retaliar-planalto-por-interferencia-na-disputa-pela-camara\/#breadcrumb"},"inLanguage":"pt-BR","potentialAction":[{"@type":"ReadAction","target":["https:\/\/www.notibras.com\/site\/cunha-ameaca-retaliar-planalto-por-interferencia-na-disputa-pela-camara\/"]}]},{"@type":"ImageObject","inLanguage":"pt-BR","@id":"https:\/\/www.notibras.com\/site\/cunha-ameaca-retaliar-planalto-por-interferencia-na-disputa-pela-camara\/#primaryimage","url":"https:\/\/www.notibras.com\/site\/wp-content\/uploads\/2015\/01\/ec.1.jpg","contentUrl":"https:\/\/www.notibras.com\/site\/wp-content\/uploads\/2015\/01\/ec.1.jpg","width":627,"height":390},{"@type":"BreadcrumbList","@id":"https:\/\/www.notibras.com\/site\/cunha-ameaca-retaliar-planalto-por-interferencia-na-disputa-pela-camara\/#breadcrumb","itemListElement":[{"@type":"ListItem","position":1,"name":"In\u00edcio","item":"https:\/\/www.notibras.com\/site\/"},{"@type":"ListItem","position":2,"name":"Cunha amea\u00e7a retaliar Planalto por se meter na disputa pela C\u00e2mara"}]},{"@type":"WebSite","@id":"https:\/\/www.notibras.com\/site\/#website","url":"https:\/\/www.notibras.com\/site\/","name":"Notibras","description":"Not\u00edcias de Bras\u00edlia, do Brasil e do Mundo","publisher":{"@id":"https:\/\/www.notibras.com\/site\/#organization"},"potentialAction":[{"@type":"SearchAction","target":{"@type":"EntryPoint","urlTemplate":"https:\/\/www.notibras.com\/site\/?s={search_term_string}"},"query-input":{"@type":"PropertyValueSpecification","valueRequired":true,"valueName":"search_term_string"}}],"inLanguage":"pt-BR"},{"@type":"Organization","@id":"https:\/\/www.notibras.com\/site\/#organization","name":"Grupo Notibras de Comunica\u00e7\u00e3o","url":"https:\/\/www.notibras.com\/site\/","logo":{"@type":"ImageObject","inLanguage":"pt-BR","@id":"https:\/\/www.notibras.com\/site\/#\/schema\/logo\/image\/","url":"https:\/\/www.notibras.com\/site\/wp-content\/uploads\/2023\/01\/notibras23.png","contentUrl":"https:\/\/www.notibras.com\/site\/wp-content\/uploads\/2023\/01\/notibras23.png","width":350,"height":87,"caption":"Grupo Notibras de Comunica\u00e7\u00e3o"},"image":{"@id":"https:\/\/www.notibras.com\/site\/#\/schema\/logo\/image\/"},"sameAs":["https:\/\/www.facebook.com\/notibras\/","https:\/\/x.com\/Notibras","https:\/\/www.instagram.com\/notibras\/"]},{"@type":"Person","@id":"https:\/\/www.notibras.com\/site\/#\/schema\/person\/36ab0979449956132d3e5b517ea76ac8","name":"Reda\u00e7\u00e3o","image":{"@type":"ImageObject","inLanguage":"pt-BR","@id":"https:\/\/secure.gravatar.com\/avatar\/e0a867bdedb85fd243eadf09663511f96fc81e0720a4a42581f334ad4303aa6b?s=96&d=mm&r=g","url":"https:\/\/secure.gravatar.com\/avatar\/e0a867bdedb85fd243eadf09663511f96fc81e0720a4a42581f334ad4303aa6b?s=96&d=mm&r=g","contentUrl":"https:\/\/secure.gravatar.com\/avatar\/e0a867bdedb85fd243eadf09663511f96fc81e0720a4a42581f334ad4303aa6b?s=96&d=mm&r=g","caption":"Reda\u00e7\u00e3o"}}]}},"amp_enabled":true,"_links":{"self":[{"href":"https:\/\/www.notibras.com\/site\/wp-json\/wp\/v2\/posts\/35294","targetHints":{"allow":["GET"]}}],"collection":[{"href":"https:\/\/www.notibras.com\/site\/wp-json\/wp\/v2\/posts"}],"about":[{"href":"https:\/\/www.notibras.com\/site\/wp-json\/wp\/v2\/types\/post"}],"author":[{"embeddable":true,"href":"https:\/\/www.notibras.com\/site\/wp-json\/wp\/v2\/users\/2"}],"replies":[{"embeddable":true,"href":"https:\/\/www.notibras.com\/site\/wp-json\/wp\/v2\/comments?post=35294"}],"version-history":[{"count":0,"href":"https:\/\/www.notibras.com\/site\/wp-json\/wp\/v2\/posts\/35294\/revisions"}],"wp:featuredmedia":[{"embeddable":true,"href":"https:\/\/www.notibras.com\/site\/wp-json\/wp\/v2\/media\/35296"}],"wp:attachment":[{"href":"https:\/\/www.notibras.com\/site\/wp-json\/wp\/v2\/media?parent=35294"}],"wp:term":[{"taxonomy":"category","embeddable":true,"href":"https:\/\/www.notibras.com\/site\/wp-json\/wp\/v2\/categories?post=35294"},{"taxonomy":"post_tag","embeddable":true,"href":"https:\/\/www.notibras.com\/site\/wp-json\/wp\/v2\/tags?post=35294"}],"curies":[{"name":"wp","href":"https:\/\/api.w.org\/{rel}","templated":true}]}}