{"id":352953,"date":"2025-04-29T04:17:03","date_gmt":"2025-04-29T07:17:03","guid":{"rendered":"https:\/\/www.notibras.com\/site\/?p=352953"},"modified":"2025-04-29T04:18:41","modified_gmt":"2025-04-29T07:18:41","slug":"collor-pode-ir-para-prisao-domiciliar-mas-tem-de-provar-doenca","status":"publish","type":"post","link":"https:\/\/www.notibras.com\/site\/collor-pode-ir-para-prisao-domiciliar-mas-tem-de-provar-doenca\/","title":{"rendered":"Collor pode ir para pris\u00e3o domiciliar, mas tem de provar doen\u00e7a"},"content":{"rendered":"<p>O ministro Alexandre de Moraes, do Supremo Tribunal Federal (STF), concedeu prazo at\u00e9 a qurata-feira, 30, para a defesa apresentar informa\u00e7\u00f5es sobre o estado de sa\u00fade do ex-presidente Fernando Collor. A medida foi determinada para permitir a an\u00e1lise do pedido de pris\u00e3o domiciliar.<\/p>\n<p>Na quinta-feira (25), Moraes determinou a pris\u00e3o do ex-presidente para dar in\u00edcio ao cumprimento da condena\u00e7\u00e3o a 8 anos e 10 meses de pris\u00e3o por corrup\u00e7\u00e3o passiva e lavagem de dinheiro em um dos processos da Opera\u00e7\u00e3o Lava Jato. Em seguida, os advogados entraram no STF um pedido de pris\u00e3o domiciliar para o ex-presidente.<\/p>\n<p>De acordo com a defesa, Collor tem 75 anos de idade e diversas comorbidades, como doen\u00e7a de Parkinson, apneia do sono grave e transtorno afetivo bipolar.<\/p>\n<p>Na decis\u00e3o desta segunda-feira, o Moraes tamb\u00e9m decretou sigilo sobre os documentos.<\/p>\n<p>Em 2023, Collor foi condenado pelo STF. Conforme a condena\u00e7\u00e3o, o ex-presidente e ex-senador, como antigo dirigente do PTB, foi respons\u00e1vel por indica\u00e7\u00f5es pol\u00edticas para a BR Distribuidora, empresa subsidi\u00e1ria da Petrobras, e recebeu R$ 20 milh\u00f5es em vantagens indevidas em contratos da empresa. Segundo a den\u00fancia, os crimes ocorreram entre 2010 e 2014.<\/p>\n<p>Ao determinar a pris\u00e3o, Moraes entendeu que os recursos da defesa de Collor para derrubar a condena\u00e7\u00e3o s\u00e3o protelat\u00f3rios para evitar a condena\u00e7\u00e3o.<\/p>\n<p>Collor est\u00e1 preso no Pres\u00eddio Baldomero Cavalcanti de Oliveira, em Macei\u00f3. Por ser ex-presidente, ele cumpre a pena em uma ala especial.<\/p>\n","protected":false},"excerpt":{"rendered":"<p>O ministro Alexandre de Moraes, do Supremo Tribunal Federal (STF), concedeu prazo at\u00e9 a qurata-feira, 30, para a defesa apresentar informa\u00e7\u00f5es sobre o estado de sa\u00fade do ex-presidente Fernando Collor. A medida foi determinada para permitir a an\u00e1lise do pedido de pris\u00e3o domiciliar. Na quinta-feira (25), Moraes determinou a pris\u00e3o do ex-presidente para dar in\u00edcio [&hellip;]<\/p>\n","protected":false},"author":2,"featured_media":352954,"comment_status":"closed","ping_status":"closed","sticky":false,"template":"","format":"standard","meta":{"_acf_changed":false,"footnotes":""},"categories":[165],"tags":[95],"class_list":["post-352953","post","type-post","status-publish","format-standard","has-post-thumbnail","hentry","category-nordeste","tag-capa"],"acf":[],"_links":{"self":[{"href":"https:\/\/www.notibras.com\/site\/wp-json\/wp\/v2\/posts\/352953","targetHints":{"allow":["GET"]}}],"collection":[{"href":"https:\/\/www.notibras.com\/site\/wp-json\/wp\/v2\/posts"}],"about":[{"href":"https:\/\/www.notibras.com\/site\/wp-json\/wp\/v2\/types\/post"}],"author":[{"embeddable":true,"href":"https:\/\/www.notibras.com\/site\/wp-json\/wp\/v2\/users\/2"}],"replies":[{"embeddable":true,"href":"https:\/\/www.notibras.com\/site\/wp-json\/wp\/v2\/comments?post=352953"}],"version-history":[{"count":2,"href":"https:\/\/www.notibras.com\/site\/wp-json\/wp\/v2\/posts\/352953\/revisions"}],"predecessor-version":[{"id":352956,"href":"https:\/\/www.notibras.com\/site\/wp-json\/wp\/v2\/posts\/352953\/revisions\/352956"}],"wp:featuredmedia":[{"embeddable":true,"href":"https:\/\/www.notibras.com\/site\/wp-json\/wp\/v2\/media\/352954"}],"wp:attachment":[{"href":"https:\/\/www.notibras.com\/site\/wp-json\/wp\/v2\/media?parent=352953"}],"wp:term":[{"taxonomy":"category","embeddable":true,"href":"https:\/\/www.notibras.com\/site\/wp-json\/wp\/v2\/categories?post=352953"},{"taxonomy":"post_tag","embeddable":true,"href":"https:\/\/www.notibras.com\/site\/wp-json\/wp\/v2\/tags?post=352953"}],"curies":[{"name":"wp","href":"https:\/\/api.w.org\/{rel}","templated":true}]}}