{"id":352960,"date":"2025-04-29T04:15:39","date_gmt":"2025-04-29T07:15:39","guid":{"rendered":"https:\/\/www.notibras.com\/site\/?p=352960"},"modified":"2025-04-29T04:37:10","modified_gmt":"2025-04-29T07:37:10","slug":"diversidade-cultural-do-nordeste-vive-tempos-de-mudancas","status":"publish","type":"post","link":"https:\/\/www.notibras.com\/site\/diversidade-cultural-do-nordeste-vive-tempos-de-mudancas\/","title":{"rendered":"Diversidade cultural do Nordeste vive tempos de mudan\u00e7as"},"content":{"rendered":"<p>O Nordeste brasileiro \u00e9 um mosaico de tradi\u00e7\u00f5es, ritmos, sabores e saberes. Com ra\u00edzes fincadas na hist\u00f3ria ind\u00edgena, africana e europeia, a regi\u00e3o construiu uma identidade cultural vibrante, reconhecida e celebrada dentro e fora do pa\u00eds. No entanto, em tempos de r\u00e1pidas mudan\u00e7as sociais, tecnol\u00f3gicas e clim\u00e1ticas, o Nordeste vive o desafio de preservar suas ra\u00edzes enquanto se adapta a novas realidades.<\/p>\n<p>Do maracatu em Pernambuco ao forr\u00f3 da Para\u00edba, do repente no sert\u00e3o ao ax\u00e9 na Bahia, o Nordeste sempre expressou sua diversidade atrav\u00e9s da m\u00fasica, da dan\u00e7a e da poesia. Festas como o S\u00e3o Jo\u00e3o continuam a ser um dos principais s\u00edmbolos da cultura nordestina, renovando-se a cada gera\u00e7\u00e3o sem perder sua ess\u00eancia.<\/p>\n<p>O artesanato, outra express\u00e3o marcante da regi\u00e3o, mant\u00e9m viva a mem\u00f3ria dos povos que ajudaram a construir a identidade nordestina. Cer\u00e2micas, rendas, bordados e esculturas em madeira seguem encantando o Brasil e o mundo, representando n\u00e3o apenas talento, mas tamb\u00e9m resist\u00eancia cultural.<\/p>\n<p><strong>Mudan\u00e7as Sociais e Econ\u00f4micas<\/strong><br \/>\nNos \u00faltimos anos, o Nordeste tem passado por profundas transforma\u00e7\u00f5es. O avan\u00e7o da urbaniza\u00e7\u00e3o, o acesso mais amplo \u00e0 tecnologia e o crescimento do turismo trouxeram novas oportunidades econ\u00f4micas, mas tamb\u00e9m impuseram desafios culturais. Em muitas cidades, jovens dividem-se entre a valoriza\u00e7\u00e3o das tradi\u00e7\u00f5es e a busca por tend\u00eancias globais.<\/p>\n<p>As novas gera\u00e7\u00f5es, conectadas \u00e0s redes sociais e \u00e0 internet, reinventam modos de expressar sua nordestinidade. Surgem fus\u00f5es musicais como o piseiro eletr\u00f4nico e o brega funk, que combinam elementos locais com batidas modernas, mostrando que a cultura nordestina \u00e9 viva e din\u00e2mica.<\/p>\n<p>As mudan\u00e7as clim\u00e1ticas tamb\u00e9m impactam a vida cultural do Nordeste. A intensifica\u00e7\u00e3o das secas no semi\u00e1rido tem provocado migra\u00e7\u00f5es para \u00e1reas urbanas, afetando comunidades tradicionais e suas pr\u00e1ticas culturais. Com a migra\u00e7\u00e3o, express\u00f5es como o cordel e o coco de roda encontram novos palcos, se adaptando \u00e0s periferias das grandes cidades.<\/p>\n<p>Movimentos sociais e coletivos culturais t\u00eam surgido para proteger a heran\u00e7a nordestina, promovendo a\u00e7\u00f5es de educa\u00e7\u00e3o, preserva\u00e7\u00e3o e difus\u00e3o das tradi\u00e7\u00f5es para as novas gera\u00e7\u00f5es.<\/p>\n<p>O futuro da diversidade cultural nordestina depende da capacidade de equilibrar tradi\u00e7\u00e3o e inova\u00e7\u00e3o. Pol\u00edticas p\u00fablicas de incentivo \u00e0 cultura, o fortalecimento das economias criativas e a valoriza\u00e7\u00e3o da educa\u00e7\u00e3o cultural s\u00e3o fundamentais para que o Nordeste continue a ser uma fonte inesgot\u00e1vel de ra\u00edzes e riquezas.<\/p>\n<p>Em tempos de mudan\u00e7a, a identidade nordestina mostra-se resiliente, adapt\u00e1vel e, acima de tudo, viva. Sua for\u00e7a est\u00e1 em transformar desafios em novos caminhos de express\u00e3o, sem perder o orgulho de suas origens.<\/p>\n","protected":false},"excerpt":{"rendered":"<p>O Nordeste brasileiro \u00e9 um mosaico de tradi\u00e7\u00f5es, ritmos, sabores e saberes. Com ra\u00edzes fincadas na hist\u00f3ria ind\u00edgena, africana e europeia, a regi\u00e3o construiu uma identidade cultural vibrante, reconhecida e celebrada dentro e fora do pa\u00eds. No entanto, em tempos de r\u00e1pidas mudan\u00e7as sociais, tecnol\u00f3gicas e clim\u00e1ticas, o Nordeste vive o desafio de preservar suas [&hellip;]<\/p>\n","protected":false},"author":2,"featured_media":352961,"comment_status":"closed","ping_status":"closed","sticky":false,"template":"","format":"standard","meta":{"_acf_changed":false,"footnotes":""},"categories":[165],"tags":[],"class_list":["post-352960","post","type-post","status-publish","format-standard","has-post-thumbnail","hentry","category-nordeste"],"acf":[],"_links":{"self":[{"href":"https:\/\/www.notibras.com\/site\/wp-json\/wp\/v2\/posts\/352960","targetHints":{"allow":["GET"]}}],"collection":[{"href":"https:\/\/www.notibras.com\/site\/wp-json\/wp\/v2\/posts"}],"about":[{"href":"https:\/\/www.notibras.com\/site\/wp-json\/wp\/v2\/types\/post"}],"author":[{"embeddable":true,"href":"https:\/\/www.notibras.com\/site\/wp-json\/wp\/v2\/users\/2"}],"replies":[{"embeddable":true,"href":"https:\/\/www.notibras.com\/site\/wp-json\/wp\/v2\/comments?post=352960"}],"version-history":[{"count":1,"href":"https:\/\/www.notibras.com\/site\/wp-json\/wp\/v2\/posts\/352960\/revisions"}],"predecessor-version":[{"id":352962,"href":"https:\/\/www.notibras.com\/site\/wp-json\/wp\/v2\/posts\/352960\/revisions\/352962"}],"wp:featuredmedia":[{"embeddable":true,"href":"https:\/\/www.notibras.com\/site\/wp-json\/wp\/v2\/media\/352961"}],"wp:attachment":[{"href":"https:\/\/www.notibras.com\/site\/wp-json\/wp\/v2\/media?parent=352960"}],"wp:term":[{"taxonomy":"category","embeddable":true,"href":"https:\/\/www.notibras.com\/site\/wp-json\/wp\/v2\/categories?post=352960"},{"taxonomy":"post_tag","embeddable":true,"href":"https:\/\/www.notibras.com\/site\/wp-json\/wp\/v2\/tags?post=352960"}],"curies":[{"name":"wp","href":"https:\/\/api.w.org\/{rel}","templated":true}]}}