{"id":352963,"date":"2025-04-29T00:00:56","date_gmt":"2025-04-29T03:00:56","guid":{"rendered":"https:\/\/www.notibras.com\/site\/?p=352963"},"modified":"2025-04-29T04:42:49","modified_gmt":"2025-04-29T07:42:49","slug":"governo-federal-anuncia-90-milhoes-para-preservar-caatinga","status":"publish","type":"post","link":"https:\/\/www.notibras.com\/site\/governo-federal-anuncia-90-milhoes-para-preservar-caatinga\/","title":{"rendered":"Governo federal anuncia 90 milh\u00f5es para preservar Caatinga"},"content":{"rendered":"<p>O Minist\u00e9rio do Meio Ambiente e Mudan\u00e7a do Clima (MMA) anunciou nesta segunda-feira (28) uma s\u00e9rie de iniciativas voltadas para a Caatinga. Juntas, elas representam um investimento de aproximadamente R$ 90 milh\u00f5es. Os an\u00fancios foram feitos em evento em Bras\u00edlia, que marcou o Dia Nacional da Caatinga.<\/p>\n<p>A Caatinga \u00e9 um bioma que existe apenas no Brasil e ocupa cerca de 10% do territ\u00f3rio nacional, em uma \u00e1rea de 862.818 quil\u00f4metros quadrados (km\u00b2). Engloba os estados de Alagoas, Bahia, Cear\u00e1, Maranh\u00e3o, Pernambuco, Para\u00edba, Rio Grande do Norte, Piau\u00ed, Sergipe e o norte de Minas Gerais, onde vivem cerca de 27 milh\u00f5es de pessoas.<\/p>\n<p>O bioma \u00e9 caracterizado por uma vegeta\u00e7\u00e3o adaptada a pouca \u00e1gua, como cactos e suculentas, e possui uma diversidade de animais, que incluem os r\u00e9pteis tei\u00fa e calangos; aves, como a asa-branca e a arara-maracan\u00e3-verdadeira; e mam\u00edferos, como morcegos e roedores.<\/p>\n<p>Na cerim\u00f4nia, a ministra do MMA, Marina Silva, ressaltou os impactos que a caatinga tem sofrido, tanto com mudan\u00e7as clim\u00e1ticas como com a\u00e7\u00f5es humanas, e refor\u00e7ou a import\u00e2ncia de iniciativas voltadas para o bioma.<\/p>\n<p>&#8220;\u00c9 muito leg\u00edtima a demanda de que a Caatinga tenha um olhar especial, porque ela est\u00e1 dentro do nosso pa\u00eds e \u00e9 nossa responsabilidade manter esse espa\u00e7o t\u00e3o necess\u00e1rio para a nossa biodiversidade\u201d, disse.<\/p>\n<p>\u201cN\u00f3s sabemos que ela vem sendo afetada pelas mudan\u00e7as clim\u00e1ticas, pela a\u00e7\u00e3o humana e pelos projetos de desenvolvimento que acontecem. Inclusive por aqueles que s\u00e3o importantes, estrat\u00e9gicos e fundamentais, como \u00e9 o caso de gera\u00e7\u00e3o de energia limpa, renov\u00e1vel e segura. Mesmo essas atividades t\u00eam um impacto. Portanto, \u00e9 preciso que a gente tenha processos de regulamenta\u00e7\u00e3o, para que esses impactos n\u00e3o venham a afetar a biodiversidade e as comunidades locais\u201d, acrescentou.<\/p>\n<p><strong>Investimentos<\/strong><br \/>\nAs iniciativas anunciadas incluem o Conecta Caatinga e o \u00c1reas Protegidas da Caatinga (Arca). Este \u00faltimo tem como foco a conserva\u00e7\u00e3o de esp\u00e9cies amea\u00e7adas de extin\u00e7\u00e3o, o engajamento de povos e comunidades tradicionais e a gest\u00e3o do Sistema Nacional de Unidades de Conserva\u00e7\u00e3o (Snuc) no bioma. O Arca ser\u00e1 executado em nove unidades de conserva\u00e7\u00e3o, entre federais e estaduais. Ser\u00e3o disponibilizados US$ 9,8 milh\u00f5es, o equivalente a cerca de R$ 55,7 milh\u00f5es, do Fundo do Marco Global para a Biodiversidade.<\/p>\n<p>J\u00e1 o Conecta Caatinga tem como prioridade promover a conserva\u00e7\u00e3o da biodiversidade e contribuir para a mitiga\u00e7\u00e3o e a adapta\u00e7\u00e3o \u00e0s mudan\u00e7as clim\u00e1ticas, al\u00e9m de combater \u00e0 desertifica\u00e7\u00e3o por meio da conectividade entre vegeta\u00e7\u00e3o, pessoas e \u00e1guas entre \u00e1reas protegidas do bioma. O projeto dever\u00e1 come\u00e7ar no segundo semestre deste ano e dever\u00e1 durar cinco anos. Para ele, est\u00e3o previstos os aportes de US$ 6 milh\u00f5es, aproximadamente R$ 34,1 milh\u00f5es, do Fundo Global para o Meio Ambiente.<\/p>\n<p>\u201cQuanto mais desmatamento, quanto mais press\u00e3o \u2500 seja para extra\u00e7\u00e3o de madeira ou de lenha para gera\u00e7\u00e3o de energia, seja para as fam\u00edlias, seja para as ind\u00fastrias que usam lenha \u2500 \u00e9 importante que a gente tenha pol\u00edticas voltadas para a prote\u00e7\u00e3o da Caatinga. Restaurar as \u00e1reas degradadas, prevenir e reverter processos de desertifica\u00e7\u00e3o e fortalecer a agricultura de base ecol\u00f3gica a partir de novas pr\u00e1ticas e principalmente de boas pr\u00e1ticas que sejam capazes de ser resilientes\u201d.<\/p>\n<p>Al\u00e9m dos an\u00fancios dos projetos, foi realizada a posse dos membros da Comiss\u00e3o Nacional de Combate \u00e0 Desertifica\u00e7\u00e3o, que, pela primeira vez, conta com a participa\u00e7\u00e3o de representes dos povos ind\u00edgenas e comunidades tradicionais. O colegiado \u00e9 um \u00f3rg\u00e3o de natureza deliberativa e consultiva que faz parte do MMA.<\/p>\n","protected":false},"excerpt":{"rendered":"<p>O Minist\u00e9rio do Meio Ambiente e Mudan\u00e7a do Clima (MMA) anunciou nesta segunda-feira (28) uma s\u00e9rie de iniciativas voltadas para a Caatinga. Juntas, elas representam um investimento de aproximadamente R$ 90 milh\u00f5es. Os an\u00fancios foram feitos em evento em Bras\u00edlia, que marcou o Dia Nacional da Caatinga. A Caatinga \u00e9 um bioma que existe apenas [&hellip;]<\/p>\n","protected":false},"author":2,"featured_media":352964,"comment_status":"closed","ping_status":"closed","sticky":false,"template":"","format":"standard","meta":{"_acf_changed":false,"footnotes":""},"categories":[165],"tags":[],"class_list":["post-352963","post","type-post","status-publish","format-standard","has-post-thumbnail","hentry","category-nordeste"],"acf":[],"_links":{"self":[{"href":"https:\/\/www.notibras.com\/site\/wp-json\/wp\/v2\/posts\/352963","targetHints":{"allow":["GET"]}}],"collection":[{"href":"https:\/\/www.notibras.com\/site\/wp-json\/wp\/v2\/posts"}],"about":[{"href":"https:\/\/www.notibras.com\/site\/wp-json\/wp\/v2\/types\/post"}],"author":[{"embeddable":true,"href":"https:\/\/www.notibras.com\/site\/wp-json\/wp\/v2\/users\/2"}],"replies":[{"embeddable":true,"href":"https:\/\/www.notibras.com\/site\/wp-json\/wp\/v2\/comments?post=352963"}],"version-history":[{"count":1,"href":"https:\/\/www.notibras.com\/site\/wp-json\/wp\/v2\/posts\/352963\/revisions"}],"predecessor-version":[{"id":352965,"href":"https:\/\/www.notibras.com\/site\/wp-json\/wp\/v2\/posts\/352963\/revisions\/352965"}],"wp:featuredmedia":[{"embeddable":true,"href":"https:\/\/www.notibras.com\/site\/wp-json\/wp\/v2\/media\/352964"}],"wp:attachment":[{"href":"https:\/\/www.notibras.com\/site\/wp-json\/wp\/v2\/media?parent=352963"}],"wp:term":[{"taxonomy":"category","embeddable":true,"href":"https:\/\/www.notibras.com\/site\/wp-json\/wp\/v2\/categories?post=352963"},{"taxonomy":"post_tag","embeddable":true,"href":"https:\/\/www.notibras.com\/site\/wp-json\/wp\/v2\/tags?post=352963"}],"curies":[{"name":"wp","href":"https:\/\/api.w.org\/{rel}","templated":true}]}}