{"id":352969,"date":"2025-04-29T00:00:33","date_gmt":"2025-04-29T03:00:33","guid":{"rendered":"https:\/\/www.notibras.com\/site\/?p=352969"},"modified":"2025-04-29T04:57:25","modified_gmt":"2025-04-29T07:57:25","slug":"joao-pessoa-debate-valorizacao-da-vida-maternidade-e-primeira-infancia","status":"publish","type":"post","link":"https:\/\/www.notibras.com\/site\/joao-pessoa-debate-valorizacao-da-vida-maternidade-e-primeira-infancia\/","title":{"rendered":"Jo\u00e3o Pessoa debate valoriza\u00e7\u00e3o da vida, maternidade e primeira inf\u00e2ncia"},"content":{"rendered":"<p>A C\u00e2mara Municipal de Jo\u00e3o Pessoa realizou sess\u00e3o especial para debater a valoriza\u00e7\u00e3o da vida, da maternidade e da primeira inf\u00e2ncia. A solenidade reuniu representantes de entidades ligadas \u00e0 causa e foi proposta pelo vereador Carl\u00e3o (PL).<\/p>\n<p>O parlamentar falou sobre os motivos da realiza\u00e7\u00e3o da sess\u00e3o e a import\u00e2ncia de debater o tema. &#8220;N\u00f3s temos visto uma grande investida na cultura da morte, no Brasil ou no mundo inteiro, e precisamos passar uma mensagem. Uma das \u00faltimas mensagens do Papa Francisco foi a de que mais do que uma quest\u00e3o crist\u00e3, mais do que uma quest\u00e3o cat\u00f3lica, defender a vida \u00e9 uma quest\u00e3o humana&#8221;, afirmou.<\/p>\n<p>Carl\u00e3o acrescentou que, mais do que falar da defesa da vida, de ser pr\u00f3-vida e defender a vida desde a concep\u00e7\u00e3o, a mensagem passada \u00e9 tamb\u00e9m afirmada pela ci\u00eancia. &#8220;Um pediatra, um cientista, um geneticista tamb\u00e9m afirma que a vida existe desde a concep\u00e7\u00e3o, e n\u00e3o existe raz\u00e3o para n\u00e3o crer nessa realidade. As pr\u00f3prias leis falam isso, o artigo 2\u00b0 do nosso C\u00f3digo Civil diz que existe vida desde a concep\u00e7\u00e3o, e os direitos do nascituro s\u00e3o garantidos. \u00c9 em defesa da vida que n\u00f3s estamos aqui&#8221;, acrescentou.<\/p>\n<p>M\u00e9rcia Mousinho, representante da Comunidade Miss\u00e3o \u00c9s Fiel, falou que a vida \u00e9 um bem maior e \u00e9 de extrema import\u00e2ncia, responsabilidade e conscientiza\u00e7\u00e3o debater sobre o tema. &#8220;A vida \u00e9 algo inegoci\u00e1vel e n\u00f3s, que somos dessa lideran\u00e7a pr\u00f3-vida, temos essa responsabilidade, pois h\u00e1 muitas pessoas que n\u00e3o sabem o verdadeiro sentido da vida, e quando descobrimos por um ato de salvar uma vida, vemos qu\u00e3o grande \u00e9 o sonho de Deus para n\u00f3s e para a humanidade. N\u00f3s somos respons\u00e1veis por essas vidas, daqueles que n\u00e3o t\u00eam voz, n\u00e3o t\u00eam como se expressar e s\u00e3o indefesos. Hoje, somos as vozes de muitas crian\u00e7as para dizer sim a vida&#8221;, colocou.<\/p>\n<p>&#8220;N\u00f3s sabemos que \u00e9 importante que toda a sociedade esteja preocupada com a vida, n\u00e3o \u00e9 s\u00f3 uma preocupa\u00e7\u00e3o da Igreja, mas tamb\u00e9m de todos os organismos da sociedade civil. Ent\u00e3o, se uma Casa Legislativa promove um momento de debate p\u00fablico, uma sess\u00e3o especial para debater esse tema, \u00e9 porque \u00e9 de relev\u00e2ncia para toda a sociedade. O direito \u00e0 vida \u00e9 um direito inalien\u00e1vel, e todos t\u00eam o mesmo direito, desde o nascimento, at\u00e9 o decl\u00ednio. N\u00f3s n\u00e3o podemos deixar que as ideologias do mundo possam colocar a vida em segundo plano, e at\u00e9 mesmo encontrar mecanismos para eliminar a vida&#8221;, defendeu o bispo auxiliar da Para\u00edba, Dom Alcivan Tadeu.<\/p>\n<p>Jos\u00e9 Costa Filho, fundador da Comunidade Nova Berith, disse que o debate \u00e9 extremamente fecundo. &#8220;Falar da vida \u00e9 falar de um direito. A Constitui\u00e7\u00e3o Federal garante a inviolabilidade do direito \u00e0 vida e o pacto interamericano de Direitos Humanos diz que esse direito \u00e9 garantido desde a concep\u00e7\u00e3o. A vida \u00e9 um direito important\u00edssimo, porque \u00e9 a plataforma sobre a qual se originam todos os outros direitos. Eles est\u00e3o baseados no direito \u00e0 vida, uma vida desde a concep\u00e7\u00e3o at\u00e9 a morte natural, e uma vida digna para todas as pessoas&#8221;, defendeu.<\/p>\n<p>&#8220;\u00c9 fundamental reafirmar aquilo que j\u00e1 deveria ser inquestion\u00e1vel, que \u00e9 a dignidade humana, que n\u00e3o come\u00e7a ap\u00f3s o nascimento, come\u00e7a no instante \u00fanico da concep\u00e7\u00e3o&#8221;, pontuou o vereador Raoni Mendes (Uni\u00e3o Brasil).<\/p>\n<p>Ao final da sess\u00e3o, foram entregues votos de aplausos aos representantes das Comunidades que defendem a vida Nova Berith; Casa da Paz; Miss\u00e3o \u00c9s Fiel; Doce M\u00e3e de Deus; Mariana Caminho da Cruz, Comunidade Filhos do Amor, entre outras.<\/p>\n<p>Participaram ainda da sess\u00e3o especial o vereador Dam\u00e1sio Franca (PP); Marilu Moura, representante do Grupo Mulheres em Adora\u00e7\u00e3o; Patr\u00edcia Berger, advogada; entre outros.<\/p>\n","protected":false},"excerpt":{"rendered":"<p>A C\u00e2mara Municipal de Jo\u00e3o Pessoa realizou sess\u00e3o especial para debater a valoriza\u00e7\u00e3o da vida, da maternidade e da primeira inf\u00e2ncia. A solenidade reuniu representantes de entidades ligadas \u00e0 causa e foi proposta pelo vereador Carl\u00e3o (PL). O parlamentar falou sobre os motivos da realiza\u00e7\u00e3o da sess\u00e3o e a import\u00e2ncia de debater o tema. &#8220;N\u00f3s [&hellip;]<\/p>\n","protected":false},"author":2,"featured_media":310374,"comment_status":"closed","ping_status":"closed","sticky":false,"template":"","format":"standard","meta":{"_acf_changed":false,"footnotes":""},"categories":[165],"tags":[],"class_list":["post-352969","post","type-post","status-publish","format-standard","has-post-thumbnail","hentry","category-nordeste"],"acf":[],"_links":{"self":[{"href":"https:\/\/www.notibras.com\/site\/wp-json\/wp\/v2\/posts\/352969","targetHints":{"allow":["GET"]}}],"collection":[{"href":"https:\/\/www.notibras.com\/site\/wp-json\/wp\/v2\/posts"}],"about":[{"href":"https:\/\/www.notibras.com\/site\/wp-json\/wp\/v2\/types\/post"}],"author":[{"embeddable":true,"href":"https:\/\/www.notibras.com\/site\/wp-json\/wp\/v2\/users\/2"}],"replies":[{"embeddable":true,"href":"https:\/\/www.notibras.com\/site\/wp-json\/wp\/v2\/comments?post=352969"}],"version-history":[{"count":1,"href":"https:\/\/www.notibras.com\/site\/wp-json\/wp\/v2\/posts\/352969\/revisions"}],"predecessor-version":[{"id":352970,"href":"https:\/\/www.notibras.com\/site\/wp-json\/wp\/v2\/posts\/352969\/revisions\/352970"}],"wp:featuredmedia":[{"embeddable":true,"href":"https:\/\/www.notibras.com\/site\/wp-json\/wp\/v2\/media\/310374"}],"wp:attachment":[{"href":"https:\/\/www.notibras.com\/site\/wp-json\/wp\/v2\/media?parent=352969"}],"wp:term":[{"taxonomy":"category","embeddable":true,"href":"https:\/\/www.notibras.com\/site\/wp-json\/wp\/v2\/categories?post=352969"},{"taxonomy":"post_tag","embeddable":true,"href":"https:\/\/www.notibras.com\/site\/wp-json\/wp\/v2\/tags?post=352969"}],"curies":[{"name":"wp","href":"https:\/\/api.w.org\/{rel}","templated":true}]}}