{"id":352997,"date":"2025-04-29T06:44:16","date_gmt":"2025-04-29T09:44:16","guid":{"rendered":"https:\/\/www.notibras.com\/site\/?p=352997"},"modified":"2025-04-29T07:07:12","modified_gmt":"2025-04-29T10:07:12","slug":"o-calculo-renal-do-daniel-marchi-os-tubaroes-e-a-frase-sobre-a-bicicleta","status":"publish","type":"post","link":"https:\/\/www.notibras.com\/site\/o-calculo-renal-do-daniel-marchi-os-tubaroes-e-a-frase-sobre-a-bicicleta\/","title":{"rendered":"O c\u00e1lculo renal do Daniel Marchi, os tubar\u00f5es e a frase sobre a bicicleta"},"content":{"rendered":"<p>Recentemente, durante um bate-papo descontra\u00eddo com o meu grande amigo Daniel Marchi, renomado poeta e escritor, que estava passando por mais um problema de c\u00e1lculo renal, ele parecia mais preocupado com as coisas que precisava fazer do que com o pr\u00f3prio estado de sa\u00fade.<\/p>\n<p>\u2014 Edu, doer d\u00f3i, mas como n\u00e3o \u00e9 algo que mata, fico tranquilo.<\/p>\n<p>Fico espantado e ao mesmo tempo surpreso quando me deparo com algu\u00e9m t\u00e3o pr\u00e1tico em rela\u00e7\u00e3o ao sofrimento f\u00edsico, que \u00e9 algo que sempre, sempre mesmo, me atormentou. \u00c9 que n\u00e3o nego que sou um frouxo, verdadeira manteiga derretida quando o assunto \u00e9 dor. Minha esposa, a maravilhosa Dona Irene, sabe muito bem disso.<\/p>\n<p>\u2014 Ah, Edu, voc\u00ea \u00e9 t\u00e3o sens\u00edvel!<\/p>\n<p>Al\u00e9m de ter o limiar de sofrimento f\u00edsico extremamente agu\u00e7ado, alguns medos s\u00e3o t\u00e3o pr\u00f3prios no meu ser. No entanto, n\u00e3o s\u00e3o temores t\u00e3o comuns. Por favor, n\u00e3o me interprete como her\u00f3i, mas n\u00e3o tenho medo de escuro, de me embrenhar por uma mata no maior breu, de andar na rua de madrugada, de viajar sozinho para um local desconhecido ou de parar na estrada de madrugada para fazer xixi.<\/p>\n<p>Talvez voc\u00ea esteja pensando mesmo que sou um cara destemido. N\u00e3o sou! J\u00e1 tive a minha cota de montanhas-russas (fui em tr\u00eas) aos 12 anos, n\u00e3o tenho o menor interesse em pular de paraquedas ou de bungee jumping, muito menos de saltar de asa-delta. Tamb\u00e9m n\u00e3o me convide para entrar na praia de Boa Viagem em Recife, mesmo naquelas gaiolas de prote\u00e7\u00e3o. Isso me parece loucura. Recentemente, visitei a capital de Pernambuco e percebi que muita gente parece que n\u00e3o leu as in\u00fameras placas na orla com avisos de \u00e1rea sujeita a ataques de tubar\u00e3o. E, caso essas pessoas tenham lido, a situa\u00e7\u00e3o me parece ainda mais grave.<\/p>\n<p>Mas voltemos ao Daniel, que precisava expelir o c\u00e1lculo renal. No meu caso, j\u00e1 teria implorado de joelhos para que o m\u00e9dico ou at\u00e9 mesmo o atendente da farm\u00e1cia me operasse. Todavia, sereno que nem ele s\u00f3, o meu amigo, confortavelmente acomodado no sof\u00e1 de sua resid\u00eancia no M\u00e9ier, com aquele sorriso que transborda simpatia, enquanto ouvia Ray Conniff, ainda teve tempo de filosofar.<\/p>\n<p>\u2014 Edu, se a bicicleta parar, ela cai.<\/p>\n<p>\u2014 Que frase legal, Dan!<\/p>\n<p>\u2014 Tamb\u00e9m acho.<\/p>\n<p>\u2014 \u00c9 de quem?<\/p>\n<p>\u2014 Bem, Edu, ela \u00e9 atribu\u00edda ao Che Guevara, mas sem fontes seguras. Seja como for, \u00e9 uma frase t\u00e3o boa, que seria um disparate deixar passar.<\/p>\n<p>Por sorte, o meu amigo, de modo digno e elegante, conseguiu expelir o danado do c\u00e1lculo, de incr\u00edveis 7 mm, e passa bem.<\/p>\n<p>&#8230;&#8230;&#8230;&#8230;&#8230;&#8230;&#8230;..<\/p>\n<p>\u200b<strong>Eduardo Mart\u00ednez \u00e9 autor do livro 57 Contos e Cr\u00f4nicas por um Autor Muito Velho\u2019<\/strong><\/p>\n<p>Compre aqui\u00a0<span class=\"x19la9d6 x1fc57z9 x6ikm8r x10wlt62 x19co3pv x1g5zs5t xfibh0p xiy17q3 x1xsqp64 x1lkfr7t xexx8yu x4uap5 x18d9i69 xkhd6sd\"><span class=\"xrtxmta x1bhl96m\"><img decoding=\"async\" class=\"emoji\" role=\"img\" draggable=\"false\" src=\"https:\/\/s.w.org\/images\/core\/emoji\/15.0.3\/svg\/1f447-1f3ff.svg\" alt=\"&#x1f447;&#x1f3ff;\" \/><\/span><\/span><\/p>\n<p><a href=\"https:\/\/www.joanineditora.com.br\/57-contos-e-cronicas-por-um-autor-muito-velho\">https:\/\/www.joanineditora.com.br\/57-contos-e-cronicas-por-um-autor-muito-velho<\/a><\/p>\n","protected":false},"excerpt":{"rendered":"<p>Recentemente, durante um bate-papo descontra\u00eddo com o meu grande amigo Daniel Marchi, renomado poeta e escritor, que estava passando por mais um problema de c\u00e1lculo renal, ele parecia mais preocupado com as coisas que precisava fazer do que com o pr\u00f3prio estado de sa\u00fade. \u2014 Edu, doer d\u00f3i, mas como n\u00e3o \u00e9 algo que mata, [&hellip;]<\/p>\n","protected":false},"author":2,"featured_media":352998,"comment_status":"closed","ping_status":"closed","sticky":false,"template":"","format":"standard","meta":{"_acf_changed":false,"footnotes":""},"categories":[161],"tags":[],"class_list":["post-352997","post","type-post","status-publish","format-standard","has-post-thumbnail","hentry","category-quadradinho-em-foco"],"acf":[],"_links":{"self":[{"href":"https:\/\/www.notibras.com\/site\/wp-json\/wp\/v2\/posts\/352997","targetHints":{"allow":["GET"]}}],"collection":[{"href":"https:\/\/www.notibras.com\/site\/wp-json\/wp\/v2\/posts"}],"about":[{"href":"https:\/\/www.notibras.com\/site\/wp-json\/wp\/v2\/types\/post"}],"author":[{"embeddable":true,"href":"https:\/\/www.notibras.com\/site\/wp-json\/wp\/v2\/users\/2"}],"replies":[{"embeddable":true,"href":"https:\/\/www.notibras.com\/site\/wp-json\/wp\/v2\/comments?post=352997"}],"version-history":[{"count":2,"href":"https:\/\/www.notibras.com\/site\/wp-json\/wp\/v2\/posts\/352997\/revisions"}],"predecessor-version":[{"id":353009,"href":"https:\/\/www.notibras.com\/site\/wp-json\/wp\/v2\/posts\/352997\/revisions\/353009"}],"wp:featuredmedia":[{"embeddable":true,"href":"https:\/\/www.notibras.com\/site\/wp-json\/wp\/v2\/media\/352998"}],"wp:attachment":[{"href":"https:\/\/www.notibras.com\/site\/wp-json\/wp\/v2\/media?parent=352997"}],"wp:term":[{"taxonomy":"category","embeddable":true,"href":"https:\/\/www.notibras.com\/site\/wp-json\/wp\/v2\/categories?post=352997"},{"taxonomy":"post_tag","embeddable":true,"href":"https:\/\/www.notibras.com\/site\/wp-json\/wp\/v2\/tags?post=352997"}],"curies":[{"name":"wp","href":"https:\/\/api.w.org\/{rel}","templated":true}]}}