{"id":35300,"date":"2015-01-29T12:44:57","date_gmt":"2015-01-29T15:44:57","guid":{"rendered":"http:\/\/www.notibras.com\/site\/?p=35300"},"modified":"2015-01-29T13:51:47","modified_gmt":"2015-01-29T16:51:47","slug":"praca-dos-tres-poderes-vive-clima-tenso-mas-povo-torce-por-ceu-de-brigadeiro","status":"publish","type":"post","link":"https:\/\/www.notibras.com\/site\/praca-dos-tres-poderes-vive-clima-tenso-mas-povo-torce-por-ceu-de-brigadeiro\/","title":{"rendered":"Bras\u00edlia vive clima tenso, mas o povo torce por c\u00e9u de brigadeiro"},"content":{"rendered":"<p>O clima em todo o pa\u00eds \u00e9 de expectativas e esperan\u00e7as em\u00a0 rela\u00e7\u00e3o ao futuro do Brasil. A torcida nacional \u00e9 que o segundo Governo de Dilma Rousseff consiga recolocar nos trilhos a nossa economia, impulsionando o\u00a0 crescimento e o desenvolvimento.<\/p>\n<p>O que o povo deseja \u00e9 que Dilma sepulte de vez os desastres, desacertos ocorridos nos quatro anos do seu primeiro mandato, que culminaram com a infla\u00e7\u00e3o em eleva\u00e7\u00e3o,\u00a0 juros nas alturas, crescimento do Produto Interno Bruto (PIB) a n\u00edvel pr\u00f3ximo de zero, contas internas e externas\u00a0 descontroladas, nossa ind\u00fastria no fundo do po\u00e7o, al\u00e9m do fantasma do desemprego rondando os lares brasileiros.<\/p>\n<p>Isso tudo sem falar nos racionamentos que est\u00e3o por vir nos setores da energia el\u00e9trica e abastecimento de \u00e1gua pot\u00e1vel.<\/p>\n<blockquote><p>A torcida \u00e9 para que o novo Congresso Nacional retome suas reais atribui\u00e7\u00f5es constitucionais de legislar. N\u00e3o fique de c\u00f3coras para o Pal\u00e1cio do Planalto,\u00a0 s\u00f3 votando medidas provis\u00f3rias e propostas de interesse do Executivo.<\/p><\/blockquote>\n<p>O Congresso \u2013 \u00e9 isso que o povo espera \u2013 precisa deliberar sobre importantes e essenciais projetos que dormem nos escaninhos de suas excel\u00eancias deputados e senadores. Entre\u00a0 eles a t\u00e3o\u00a0 sonhada reforma pol\u00edtica, hoje a maior exig\u00eancia do pa\u00eds.<\/p>\n<p>Mas o povo quer mais. Que o Poder Judici\u00e1rio, por exemplo, puna com rigor os corruptos e corruptores descobertos na Opera\u00e7\u00e3o Lava\u2013Jato, que desvendou roubalheiras bilion\u00e1rias na Petrobras, considerado o maior esc\u00e2ndalo de corrup\u00e7\u00e3o da hist\u00f3ria do Brasil. Os preju\u00edzos para a nossa maior estatal ultrapassam os R$ 10 bilh\u00f5es.<\/p>\n<p>Em s\u00edntese, imp\u00f5e\u2013se a recupera\u00e7\u00e3o da autoestima dos brasileiros. Eles rejeitam horizontes sombrios para o Brasil;\u00a0 querem, sim,\u00a0 c\u00e9u azul de brigadeiro. Um pa\u00eds pujante,\u00a0 \u00e9tico, com menos roubos do dinheiro p\u00fablico, mais rigor nas puni\u00e7\u00f5es tanto de corruptos como de corruptores. Enfim, um pa\u00eds com estabilidade, ordem e progresso.<\/p>\n<p><strong>Cl\u00e1udio Coletti<\/strong><\/p>\n","protected":false},"excerpt":{"rendered":"<p>O clima em todo o pa\u00eds \u00e9 de expectativas e esperan\u00e7as em\u00a0 rela\u00e7\u00e3o ao futuro do Brasil. A torcida nacional \u00e9 que o segundo Governo de Dilma Rousseff consiga recolocar nos trilhos a nossa economia, impulsionando o\u00a0 crescimento e o desenvolvimento. O que o povo deseja \u00e9 que Dilma sepulte de vez os desastres, desacertos [&hellip;]<\/p>\n","protected":false},"author":2,"featured_media":35301,"comment_status":"open","ping_status":"closed","sticky":false,"template":"","format":"standard","meta":{"_acf_changed":false,"footnotes":""},"categories":[25],"tags":[],"class_list":["post-35300","post","type-post","status-publish","format-standard","has-post-thumbnail","hentry","category-opina-ai"],"acf":[],"yoast_head":"<!-- This site is optimized with the Yoast SEO plugin v27.2 - https:\/\/yoast.com\/product\/yoast-seo-wordpress\/ -->\n<title>Bras\u00edlia vive clima tenso, mas o povo torce por c\u00e9u de brigadeiro - Notibras<\/title>\n<meta name=\"robots\" content=\"index, follow, max-snippet:-1, max-image-preview:large, max-video-preview:-1\" \/>\n<link rel=\"canonical\" href=\"https:\/\/www.notibras.com\/site\/praca-dos-tres-poderes-vive-clima-tenso-mas-povo-torce-por-ceu-de-brigadeiro\/\" \/>\n<meta property=\"og:locale\" content=\"pt_BR\" \/>\n<meta property=\"og:type\" content=\"article\" \/>\n<meta property=\"og:title\" content=\"Bras\u00edlia vive clima tenso, mas o povo torce por c\u00e9u de brigadeiro - Notibras\" \/>\n<meta property=\"og:description\" content=\"O clima em todo o pa\u00eds \u00e9 de expectativas e esperan\u00e7as em\u00a0 rela\u00e7\u00e3o ao futuro do Brasil. A torcida nacional \u00e9 que o segundo Governo de Dilma Rousseff consiga recolocar nos trilhos a nossa economia, impulsionando o\u00a0 crescimento e o desenvolvimento. O que o povo deseja \u00e9 que Dilma sepulte de vez os desastres, desacertos [&hellip;]\" \/>\n<meta property=\"og:url\" content=\"https:\/\/www.notibras.com\/site\/praca-dos-tres-poderes-vive-clima-tenso-mas-povo-torce-por-ceu-de-brigadeiro\/\" \/>\n<meta property=\"og:site_name\" content=\"Notibras\" \/>\n<meta property=\"article:publisher\" content=\"https:\/\/www.facebook.com\/notibras\/\" \/>\n<meta property=\"article:published_time\" content=\"2015-01-29T15:44:57+00:00\" \/>\n<meta property=\"article:modified_time\" content=\"2015-01-29T16:51:47+00:00\" \/>\n<meta property=\"og:image\" content=\"https:\/\/www.notibras.com\/site\/wp-content\/uploads\/2015\/01\/praca_tres_poderes.jpg\" \/>\n\t<meta property=\"og:image:width\" content=\"685\" \/>\n\t<meta property=\"og:image:height\" content=\"389\" \/>\n\t<meta property=\"og:image:type\" content=\"image\/jpeg\" \/>\n<meta name=\"author\" content=\"Reda\u00e7\u00e3o\" \/>\n<meta name=\"twitter:card\" content=\"summary_large_image\" \/>\n<meta name=\"twitter:creator\" content=\"@Notibras\" \/>\n<meta name=\"twitter:site\" content=\"@Notibras\" \/>\n<meta name=\"twitter:label1\" content=\"Escrito por\" \/>\n\t<meta name=\"twitter:data1\" content=\"Reda\u00e7\u00e3o\" \/>\n\t<meta name=\"twitter:label2\" content=\"Est. tempo de leitura\" \/>\n\t<meta name=\"twitter:data2\" content=\"2 minutos\" \/>\n<script type=\"application\/ld+json\" class=\"yoast-schema-graph\">{\"@context\":\"https:\/\/schema.org\",\"@graph\":[{\"@type\":\"Article\",\"@id\":\"https:\/\/www.notibras.com\/site\/praca-dos-tres-poderes-vive-clima-tenso-mas-povo-torce-por-ceu-de-brigadeiro\/#article\",\"isPartOf\":{\"@id\":\"https:\/\/www.notibras.com\/site\/praca-dos-tres-poderes-vive-clima-tenso-mas-povo-torce-por-ceu-de-brigadeiro\/\"},\"author\":{\"name\":\"Reda\u00e7\u00e3o\",\"@id\":\"https:\/\/www.notibras.com\/site\/#\/schema\/person\/36ab0979449956132d3e5b517ea76ac8\"},\"headline\":\"Bras\u00edlia vive clima tenso, mas o povo torce por c\u00e9u de brigadeiro\",\"datePublished\":\"2015-01-29T15:44:57+00:00\",\"dateModified\":\"2015-01-29T16:51:47+00:00\",\"mainEntityOfPage\":{\"@id\":\"https:\/\/www.notibras.com\/site\/praca-dos-tres-poderes-vive-clima-tenso-mas-povo-torce-por-ceu-de-brigadeiro\/\"},\"wordCount\":349,\"commentCount\":0,\"publisher\":{\"@id\":\"https:\/\/www.notibras.com\/site\/#organization\"},\"image\":{\"@id\":\"https:\/\/www.notibras.com\/site\/praca-dos-tres-poderes-vive-clima-tenso-mas-povo-torce-por-ceu-de-brigadeiro\/#primaryimage\"},\"thumbnailUrl\":\"https:\/\/www.notibras.com\/site\/wp-content\/uploads\/2015\/01\/praca_tres_poderes.jpg\",\"articleSection\":[\"Opina a\u00ed\"],\"inLanguage\":\"pt-BR\",\"potentialAction\":[{\"@type\":\"CommentAction\",\"name\":\"Comment\",\"target\":[\"https:\/\/www.notibras.com\/site\/praca-dos-tres-poderes-vive-clima-tenso-mas-povo-torce-por-ceu-de-brigadeiro\/#respond\"]}]},{\"@type\":\"WebPage\",\"@id\":\"https:\/\/www.notibras.com\/site\/praca-dos-tres-poderes-vive-clima-tenso-mas-povo-torce-por-ceu-de-brigadeiro\/\",\"url\":\"https:\/\/www.notibras.com\/site\/praca-dos-tres-poderes-vive-clima-tenso-mas-povo-torce-por-ceu-de-brigadeiro\/\",\"name\":\"Bras\u00edlia vive clima tenso, mas o povo torce por c\u00e9u de brigadeiro - Notibras\",\"isPartOf\":{\"@id\":\"https:\/\/www.notibras.com\/site\/#website\"},\"primaryImageOfPage\":{\"@id\":\"https:\/\/www.notibras.com\/site\/praca-dos-tres-poderes-vive-clima-tenso-mas-povo-torce-por-ceu-de-brigadeiro\/#primaryimage\"},\"image\":{\"@id\":\"https:\/\/www.notibras.com\/site\/praca-dos-tres-poderes-vive-clima-tenso-mas-povo-torce-por-ceu-de-brigadeiro\/#primaryimage\"},\"thumbnailUrl\":\"https:\/\/www.notibras.com\/site\/wp-content\/uploads\/2015\/01\/praca_tres_poderes.jpg\",\"datePublished\":\"2015-01-29T15:44:57+00:00\",\"dateModified\":\"2015-01-29T16:51:47+00:00\",\"breadcrumb\":{\"@id\":\"https:\/\/www.notibras.com\/site\/praca-dos-tres-poderes-vive-clima-tenso-mas-povo-torce-por-ceu-de-brigadeiro\/#breadcrumb\"},\"inLanguage\":\"pt-BR\",\"potentialAction\":[{\"@type\":\"ReadAction\",\"target\":[\"https:\/\/www.notibras.com\/site\/praca-dos-tres-poderes-vive-clima-tenso-mas-povo-torce-por-ceu-de-brigadeiro\/\"]}]},{\"@type\":\"ImageObject\",\"inLanguage\":\"pt-BR\",\"@id\":\"https:\/\/www.notibras.com\/site\/praca-dos-tres-poderes-vive-clima-tenso-mas-povo-torce-por-ceu-de-brigadeiro\/#primaryimage\",\"url\":\"https:\/\/www.notibras.com\/site\/wp-content\/uploads\/2015\/01\/praca_tres_poderes.jpg\",\"contentUrl\":\"https:\/\/www.notibras.com\/site\/wp-content\/uploads\/2015\/01\/praca_tres_poderes.jpg\",\"width\":685,\"height\":389},{\"@type\":\"BreadcrumbList\",\"@id\":\"https:\/\/www.notibras.com\/site\/praca-dos-tres-poderes-vive-clima-tenso-mas-povo-torce-por-ceu-de-brigadeiro\/#breadcrumb\",\"itemListElement\":[{\"@type\":\"ListItem\",\"position\":1,\"name\":\"In\u00edcio\",\"item\":\"https:\/\/www.notibras.com\/site\/\"},{\"@type\":\"ListItem\",\"position\":2,\"name\":\"Bras\u00edlia vive clima tenso, mas o povo torce por c\u00e9u de brigadeiro\"}]},{\"@type\":\"WebSite\",\"@id\":\"https:\/\/www.notibras.com\/site\/#website\",\"url\":\"https:\/\/www.notibras.com\/site\/\",\"name\":\"Notibras\",\"description\":\"Not\u00edcias de Bras\u00edlia, do Brasil e do Mundo\",\"publisher\":{\"@id\":\"https:\/\/www.notibras.com\/site\/#organization\"},\"potentialAction\":[{\"@type\":\"SearchAction\",\"target\":{\"@type\":\"EntryPoint\",\"urlTemplate\":\"https:\/\/www.notibras.com\/site\/?s={search_term_string}\"},\"query-input\":{\"@type\":\"PropertyValueSpecification\",\"valueRequired\":true,\"valueName\":\"search_term_string\"}}],\"inLanguage\":\"pt-BR\"},{\"@type\":\"Organization\",\"@id\":\"https:\/\/www.notibras.com\/site\/#organization\",\"name\":\"Grupo Notibras de Comunica\u00e7\u00e3o\",\"url\":\"https:\/\/www.notibras.com\/site\/\",\"logo\":{\"@type\":\"ImageObject\",\"inLanguage\":\"pt-BR\",\"@id\":\"https:\/\/www.notibras.com\/site\/#\/schema\/logo\/image\/\",\"url\":\"https:\/\/www.notibras.com\/site\/wp-content\/uploads\/2023\/01\/notibras23.png\",\"contentUrl\":\"https:\/\/www.notibras.com\/site\/wp-content\/uploads\/2023\/01\/notibras23.png\",\"width\":350,\"height\":87,\"caption\":\"Grupo Notibras de Comunica\u00e7\u00e3o\"},\"image\":{\"@id\":\"https:\/\/www.notibras.com\/site\/#\/schema\/logo\/image\/\"},\"sameAs\":[\"https:\/\/www.facebook.com\/notibras\/\",\"https:\/\/x.com\/Notibras\",\"https:\/\/www.instagram.com\/notibras\/\"]},{\"@type\":\"Person\",\"@id\":\"https:\/\/www.notibras.com\/site\/#\/schema\/person\/36ab0979449956132d3e5b517ea76ac8\",\"name\":\"Reda\u00e7\u00e3o\",\"image\":{\"@type\":\"ImageObject\",\"inLanguage\":\"pt-BR\",\"@id\":\"https:\/\/secure.gravatar.com\/avatar\/e0a867bdedb85fd243eadf09663511f96fc81e0720a4a42581f334ad4303aa6b?s=96&d=mm&r=g\",\"url\":\"https:\/\/secure.gravatar.com\/avatar\/e0a867bdedb85fd243eadf09663511f96fc81e0720a4a42581f334ad4303aa6b?s=96&d=mm&r=g\",\"contentUrl\":\"https:\/\/secure.gravatar.com\/avatar\/e0a867bdedb85fd243eadf09663511f96fc81e0720a4a42581f334ad4303aa6b?s=96&d=mm&r=g\",\"caption\":\"Reda\u00e7\u00e3o\"}}]}<\/script>\n<!-- \/ Yoast SEO plugin. -->","yoast_head_json":{"title":"Bras\u00edlia vive clima tenso, mas o povo torce por c\u00e9u de brigadeiro - Notibras","robots":{"index":"index","follow":"follow","max-snippet":"max-snippet:-1","max-image-preview":"max-image-preview:large","max-video-preview":"max-video-preview:-1"},"canonical":"https:\/\/www.notibras.com\/site\/praca-dos-tres-poderes-vive-clima-tenso-mas-povo-torce-por-ceu-de-brigadeiro\/","og_locale":"pt_BR","og_type":"article","og_title":"Bras\u00edlia vive clima tenso, mas o povo torce por c\u00e9u de brigadeiro - Notibras","og_description":"O clima em todo o pa\u00eds \u00e9 de expectativas e esperan\u00e7as em\u00a0 rela\u00e7\u00e3o ao futuro do Brasil. A torcida nacional \u00e9 que o segundo Governo de Dilma Rousseff consiga recolocar nos trilhos a nossa economia, impulsionando o\u00a0 crescimento e o desenvolvimento. O que o povo deseja \u00e9 que Dilma sepulte de vez os desastres, desacertos [&hellip;]","og_url":"https:\/\/www.notibras.com\/site\/praca-dos-tres-poderes-vive-clima-tenso-mas-povo-torce-por-ceu-de-brigadeiro\/","og_site_name":"Notibras","article_publisher":"https:\/\/www.facebook.com\/notibras\/","article_published_time":"2015-01-29T15:44:57+00:00","article_modified_time":"2015-01-29T16:51:47+00:00","og_image":[{"width":685,"height":389,"url":"https:\/\/www.notibras.com\/site\/wp-content\/uploads\/2015\/01\/praca_tres_poderes.jpg","type":"image\/jpeg"}],"author":"Reda\u00e7\u00e3o","twitter_card":"summary_large_image","twitter_creator":"@Notibras","twitter_site":"@Notibras","twitter_misc":{"Escrito por":"Reda\u00e7\u00e3o","Est. tempo de leitura":"2 minutos"},"schema":{"@context":"https:\/\/schema.org","@graph":[{"@type":"Article","@id":"https:\/\/www.notibras.com\/site\/praca-dos-tres-poderes-vive-clima-tenso-mas-povo-torce-por-ceu-de-brigadeiro\/#article","isPartOf":{"@id":"https:\/\/www.notibras.com\/site\/praca-dos-tres-poderes-vive-clima-tenso-mas-povo-torce-por-ceu-de-brigadeiro\/"},"author":{"name":"Reda\u00e7\u00e3o","@id":"https:\/\/www.notibras.com\/site\/#\/schema\/person\/36ab0979449956132d3e5b517ea76ac8"},"headline":"Bras\u00edlia vive clima tenso, mas o povo torce por c\u00e9u de brigadeiro","datePublished":"2015-01-29T15:44:57+00:00","dateModified":"2015-01-29T16:51:47+00:00","mainEntityOfPage":{"@id":"https:\/\/www.notibras.com\/site\/praca-dos-tres-poderes-vive-clima-tenso-mas-povo-torce-por-ceu-de-brigadeiro\/"},"wordCount":349,"commentCount":0,"publisher":{"@id":"https:\/\/www.notibras.com\/site\/#organization"},"image":{"@id":"https:\/\/www.notibras.com\/site\/praca-dos-tres-poderes-vive-clima-tenso-mas-povo-torce-por-ceu-de-brigadeiro\/#primaryimage"},"thumbnailUrl":"https:\/\/www.notibras.com\/site\/wp-content\/uploads\/2015\/01\/praca_tres_poderes.jpg","articleSection":["Opina a\u00ed"],"inLanguage":"pt-BR","potentialAction":[{"@type":"CommentAction","name":"Comment","target":["https:\/\/www.notibras.com\/site\/praca-dos-tres-poderes-vive-clima-tenso-mas-povo-torce-por-ceu-de-brigadeiro\/#respond"]}]},{"@type":"WebPage","@id":"https:\/\/www.notibras.com\/site\/praca-dos-tres-poderes-vive-clima-tenso-mas-povo-torce-por-ceu-de-brigadeiro\/","url":"https:\/\/www.notibras.com\/site\/praca-dos-tres-poderes-vive-clima-tenso-mas-povo-torce-por-ceu-de-brigadeiro\/","name":"Bras\u00edlia vive clima tenso, mas o povo torce por c\u00e9u de brigadeiro - Notibras","isPartOf":{"@id":"https:\/\/www.notibras.com\/site\/#website"},"primaryImageOfPage":{"@id":"https:\/\/www.notibras.com\/site\/praca-dos-tres-poderes-vive-clima-tenso-mas-povo-torce-por-ceu-de-brigadeiro\/#primaryimage"},"image":{"@id":"https:\/\/www.notibras.com\/site\/praca-dos-tres-poderes-vive-clima-tenso-mas-povo-torce-por-ceu-de-brigadeiro\/#primaryimage"},"thumbnailUrl":"https:\/\/www.notibras.com\/site\/wp-content\/uploads\/2015\/01\/praca_tres_poderes.jpg","datePublished":"2015-01-29T15:44:57+00:00","dateModified":"2015-01-29T16:51:47+00:00","breadcrumb":{"@id":"https:\/\/www.notibras.com\/site\/praca-dos-tres-poderes-vive-clima-tenso-mas-povo-torce-por-ceu-de-brigadeiro\/#breadcrumb"},"inLanguage":"pt-BR","potentialAction":[{"@type":"ReadAction","target":["https:\/\/www.notibras.com\/site\/praca-dos-tres-poderes-vive-clima-tenso-mas-povo-torce-por-ceu-de-brigadeiro\/"]}]},{"@type":"ImageObject","inLanguage":"pt-BR","@id":"https:\/\/www.notibras.com\/site\/praca-dos-tres-poderes-vive-clima-tenso-mas-povo-torce-por-ceu-de-brigadeiro\/#primaryimage","url":"https:\/\/www.notibras.com\/site\/wp-content\/uploads\/2015\/01\/praca_tres_poderes.jpg","contentUrl":"https:\/\/www.notibras.com\/site\/wp-content\/uploads\/2015\/01\/praca_tres_poderes.jpg","width":685,"height":389},{"@type":"BreadcrumbList","@id":"https:\/\/www.notibras.com\/site\/praca-dos-tres-poderes-vive-clima-tenso-mas-povo-torce-por-ceu-de-brigadeiro\/#breadcrumb","itemListElement":[{"@type":"ListItem","position":1,"name":"In\u00edcio","item":"https:\/\/www.notibras.com\/site\/"},{"@type":"ListItem","position":2,"name":"Bras\u00edlia vive clima tenso, mas o povo torce por c\u00e9u de brigadeiro"}]},{"@type":"WebSite","@id":"https:\/\/www.notibras.com\/site\/#website","url":"https:\/\/www.notibras.com\/site\/","name":"Notibras","description":"Not\u00edcias de Bras\u00edlia, do Brasil e do Mundo","publisher":{"@id":"https:\/\/www.notibras.com\/site\/#organization"},"potentialAction":[{"@type":"SearchAction","target":{"@type":"EntryPoint","urlTemplate":"https:\/\/www.notibras.com\/site\/?s={search_term_string}"},"query-input":{"@type":"PropertyValueSpecification","valueRequired":true,"valueName":"search_term_string"}}],"inLanguage":"pt-BR"},{"@type":"Organization","@id":"https:\/\/www.notibras.com\/site\/#organization","name":"Grupo Notibras de Comunica\u00e7\u00e3o","url":"https:\/\/www.notibras.com\/site\/","logo":{"@type":"ImageObject","inLanguage":"pt-BR","@id":"https:\/\/www.notibras.com\/site\/#\/schema\/logo\/image\/","url":"https:\/\/www.notibras.com\/site\/wp-content\/uploads\/2023\/01\/notibras23.png","contentUrl":"https:\/\/www.notibras.com\/site\/wp-content\/uploads\/2023\/01\/notibras23.png","width":350,"height":87,"caption":"Grupo Notibras de Comunica\u00e7\u00e3o"},"image":{"@id":"https:\/\/www.notibras.com\/site\/#\/schema\/logo\/image\/"},"sameAs":["https:\/\/www.facebook.com\/notibras\/","https:\/\/x.com\/Notibras","https:\/\/www.instagram.com\/notibras\/"]},{"@type":"Person","@id":"https:\/\/www.notibras.com\/site\/#\/schema\/person\/36ab0979449956132d3e5b517ea76ac8","name":"Reda\u00e7\u00e3o","image":{"@type":"ImageObject","inLanguage":"pt-BR","@id":"https:\/\/secure.gravatar.com\/avatar\/e0a867bdedb85fd243eadf09663511f96fc81e0720a4a42581f334ad4303aa6b?s=96&d=mm&r=g","url":"https:\/\/secure.gravatar.com\/avatar\/e0a867bdedb85fd243eadf09663511f96fc81e0720a4a42581f334ad4303aa6b?s=96&d=mm&r=g","contentUrl":"https:\/\/secure.gravatar.com\/avatar\/e0a867bdedb85fd243eadf09663511f96fc81e0720a4a42581f334ad4303aa6b?s=96&d=mm&r=g","caption":"Reda\u00e7\u00e3o"}}]}},"amp_enabled":true,"_links":{"self":[{"href":"https:\/\/www.notibras.com\/site\/wp-json\/wp\/v2\/posts\/35300","targetHints":{"allow":["GET"]}}],"collection":[{"href":"https:\/\/www.notibras.com\/site\/wp-json\/wp\/v2\/posts"}],"about":[{"href":"https:\/\/www.notibras.com\/site\/wp-json\/wp\/v2\/types\/post"}],"author":[{"embeddable":true,"href":"https:\/\/www.notibras.com\/site\/wp-json\/wp\/v2\/users\/2"}],"replies":[{"embeddable":true,"href":"https:\/\/www.notibras.com\/site\/wp-json\/wp\/v2\/comments?post=35300"}],"version-history":[{"count":0,"href":"https:\/\/www.notibras.com\/site\/wp-json\/wp\/v2\/posts\/35300\/revisions"}],"wp:featuredmedia":[{"embeddable":true,"href":"https:\/\/www.notibras.com\/site\/wp-json\/wp\/v2\/media\/35301"}],"wp:attachment":[{"href":"https:\/\/www.notibras.com\/site\/wp-json\/wp\/v2\/media?parent=35300"}],"wp:term":[{"taxonomy":"category","embeddable":true,"href":"https:\/\/www.notibras.com\/site\/wp-json\/wp\/v2\/categories?post=35300"},{"taxonomy":"post_tag","embeddable":true,"href":"https:\/\/www.notibras.com\/site\/wp-json\/wp\/v2\/tags?post=35300"}],"curies":[{"name":"wp","href":"https:\/\/api.w.org\/{rel}","templated":true}]}}