{"id":353000,"date":"2025-04-29T00:00:46","date_gmt":"2025-04-29T03:00:46","guid":{"rendered":"https:\/\/www.notibras.com\/site\/?p=353000"},"modified":"2025-04-29T06:52:08","modified_gmt":"2025-04-29T09:52:08","slug":"acao-educativa-lanca-edital-para-projetos-de-igualdade-de-genero","status":"publish","type":"post","link":"https:\/\/www.notibras.com\/site\/acao-educativa-lanca-edital-para-projetos-de-igualdade-de-genero\/","title":{"rendered":"A\u00e7\u00e3o Educativa lan\u00e7a edital para projetos de igualdade de g\u00eanero"},"content":{"rendered":"<p>Com o objetivo de promover a igualdade de g\u00eanero na educa\u00e7\u00e3o b\u00e1sica nas institui\u00e7\u00f5es de ensino p\u00fablicas e privadas, a organiza\u00e7\u00e3o n\u00e3o governamental (ONG) A\u00e7\u00e3o Educativa lan\u00e7ou nesta segunda-feira (28) a quarta edi\u00e7\u00e3o do edital Igualdade de G\u00eanero nas Escolas: Fortalecendo Novas Narrativas a partir da Cultura. As inscri\u00e7\u00f5es v\u00e3o at\u00e9 30 de maio.<\/p>\n<p>Segundo a coordenadora do projeto G\u00eanero e Educa\u00e7\u00e3o da A\u00e7\u00e3o Educativa, Barbara Lopes, a inten\u00e7\u00e3o \u00e9 \u201cresponder aos crescentes desafios enfrentados por educadoras e educadores que atuam com temas de g\u00eanero, ra\u00e7a e diversidade sexual no ambiente escolar, especialmente diante de tentativas de censura, intimida\u00e7\u00e3o e dissemina\u00e7\u00e3o de desinforma\u00e7\u00e3o por parte de movimentos ultraconservadores\u201d.<\/p>\n<p>Conforme o edital, ser\u00e3o selecionados educadores, coletivos, movimentos sociais, universidades, entre outros, cujas propostas poder\u00e3o ser implementadas em escolas, creches ou outros espa\u00e7os educativos.<\/p>\n<p>As propostas aprovadas v\u00e3o integrar um banco p\u00fablico de planos de aula, que ficar\u00e1 dispon\u00edvel no site <a href=\"http:\/\/www.generoeeducacao.org.br\">www.generoeeducacao.org.br<\/a>. As dez iniciativas mais criativas receber\u00e3o declara\u00e7\u00e3o de reconhecimento p\u00fablico, certificado e um vale-livros no valor de at\u00e9 R$ 600 da Livraria Africanidades.<\/p>\n<p>\u201cA consist\u00eancia, diversidade e criatividade das propostas pedag\u00f3gicas que comp\u00f5em nosso banco mostram o quanto nossas comunidades educativas est\u00e3o comprometidas com a justi\u00e7a social\u201d, pontua B\u00e1rbara Lopes. \u201cAs pol\u00edticas educacionais precisam estar \u00e0 altura dessas comunidades, com medidas de prote\u00e7\u00e3o \u00e0 liberdade de ensinar e de aprender e de valoriza\u00e7\u00e3o docente.\u201d<\/p>\n<p>O projeto do edital, conforme a A\u00e7\u00e3o Educativa, busca combater estere\u00f3tipos e promover uma educa\u00e7\u00e3o inclusiva, diversa e plural, que vai ao encontro dos marcos legais e os princ\u00edpios da liberdade de c\u00e1tedra, da pluralidade pedag\u00f3gica e da promo\u00e7\u00e3o dos direitos humanos.<\/p>\n<p>A iniciativa da A\u00e7\u00e3o Educativa se justifica diante dos n\u00fameros. Conforme os dados do F\u00f3rum Brasileiro de Seguran\u00e7a P\u00fablica (2023), o pa\u00eds registrou mais de 2 mil feminic\u00eddios nos dois \u00faltimos anos, assim como o aumento da viol\u00eancia contra pessoas LGBTQIAPN+.<\/p>\n<p>No campo da educa\u00e7\u00e3o, a entidade ressalta que estudos do coletivo Professores contra o Escola sem Partido (PCESP) e da Frente Nacional Escola Sem Morda\u00e7a apontaram um aumento de iniciativas legislativas para restringir o debate de g\u00eanero nas escolas, em desrespeito \u00e0 pr\u00f3pria Constitui\u00e7\u00e3o Federal e a decis\u00f5es do Supremo Tribunal Federal (STF).<\/p>\n","protected":false},"excerpt":{"rendered":"<p>Com o objetivo de promover a igualdade de g\u00eanero na educa\u00e7\u00e3o b\u00e1sica nas institui\u00e7\u00f5es de ensino p\u00fablicas e privadas, a organiza\u00e7\u00e3o n\u00e3o governamental (ONG) A\u00e7\u00e3o Educativa lan\u00e7ou nesta segunda-feira (28) a quarta edi\u00e7\u00e3o do edital Igualdade de G\u00eanero nas Escolas: Fortalecendo Novas Narrativas a partir da Cultura. As inscri\u00e7\u00f5es v\u00e3o at\u00e9 30 de maio. Segundo [&hellip;]<\/p>\n","protected":false},"author":2,"featured_media":353001,"comment_status":"closed","ping_status":"closed","sticky":false,"template":"","format":"standard","meta":{"_acf_changed":false,"footnotes":""},"categories":[161],"tags":[],"class_list":["post-353000","post","type-post","status-publish","format-standard","has-post-thumbnail","hentry","category-quadradinho-em-foco"],"acf":[],"_links":{"self":[{"href":"https:\/\/www.notibras.com\/site\/wp-json\/wp\/v2\/posts\/353000","targetHints":{"allow":["GET"]}}],"collection":[{"href":"https:\/\/www.notibras.com\/site\/wp-json\/wp\/v2\/posts"}],"about":[{"href":"https:\/\/www.notibras.com\/site\/wp-json\/wp\/v2\/types\/post"}],"author":[{"embeddable":true,"href":"https:\/\/www.notibras.com\/site\/wp-json\/wp\/v2\/users\/2"}],"replies":[{"embeddable":true,"href":"https:\/\/www.notibras.com\/site\/wp-json\/wp\/v2\/comments?post=353000"}],"version-history":[{"count":1,"href":"https:\/\/www.notibras.com\/site\/wp-json\/wp\/v2\/posts\/353000\/revisions"}],"predecessor-version":[{"id":353002,"href":"https:\/\/www.notibras.com\/site\/wp-json\/wp\/v2\/posts\/353000\/revisions\/353002"}],"wp:featuredmedia":[{"embeddable":true,"href":"https:\/\/www.notibras.com\/site\/wp-json\/wp\/v2\/media\/353001"}],"wp:attachment":[{"href":"https:\/\/www.notibras.com\/site\/wp-json\/wp\/v2\/media?parent=353000"}],"wp:term":[{"taxonomy":"category","embeddable":true,"href":"https:\/\/www.notibras.com\/site\/wp-json\/wp\/v2\/categories?post=353000"},{"taxonomy":"post_tag","embeddable":true,"href":"https:\/\/www.notibras.com\/site\/wp-json\/wp\/v2\/tags?post=353000"}],"curies":[{"name":"wp","href":"https:\/\/api.w.org\/{rel}","templated":true}]}}