{"id":353003,"date":"2025-04-29T00:00:33","date_gmt":"2025-04-29T03:00:33","guid":{"rendered":"https:\/\/www.notibras.com\/site\/?p=353003"},"modified":"2025-04-29T06:58:28","modified_gmt":"2025-04-29T09:58:28","slug":"cnu-2025-tera-3-352-vagas-em-35-orgaos-federais","status":"publish","type":"post","link":"https:\/\/www.notibras.com\/site\/cnu-2025-tera-3-352-vagas-em-35-orgaos-federais\/","title":{"rendered":"CNU 2025 ter\u00e1 3.352 vagas em 35 \u00f3rg\u00e3os federais"},"content":{"rendered":"<p>A segunda edi\u00e7\u00e3o do Concurso P\u00fablico Nacional Unificado (CPNU) vai oferecer 3.352 vagas distribu\u00eddas em 35 \u00f3rg\u00e3os da administra\u00e7\u00e3o p\u00fablica federal. O an\u00fancio foi feito pela ministra da Gest\u00e3o e da Inova\u00e7\u00e3o em Servi\u00e7os P\u00fablicos (MGI), Esther Dweck, nesta segunda-feira (28).<\/p>\n<p>Do total de vagas, 2.180 s\u00e3o para convoca\u00e7\u00e3o imediata, sendo 1.672 de n\u00edvel superior e 508 de n\u00edvel intermedi\u00e1rio.<\/p>\n<p>As demais vagas (1.172) ser\u00e3o para forma\u00e7\u00e3o de cadastro reserva. Todas essas vagas s\u00e3o de n\u00edvel superior.<\/p>\n<p>Segundo a ministra, a previs\u00e3o \u00e9 que os candidatos da lista de espera sejam convocados em curto prazo logo ap\u00f3s a homologa\u00e7\u00e3o dos resultados do CNU 2.<\/p>\n<p>\u201cA gente fez por cadastro reserva n\u00e3o porque n\u00e3o ir\u00e1 contratar. E, sim, porque a gente fez um quantitativo que a gente pode precisar um pouco menos ou um pouco mais, dependendo do processo de dimensionamento da for\u00e7a trabalho que estamos fazendo [em cada \u00f3rg\u00e3o federal]\u201d.<\/p>\n<p><strong>Novo formato<\/strong><br \/>\nAs provas objetiva e discursiva do CPNU 2 ser\u00e3o realizadas em duas fases e em duas datas.<\/p>\n<p>O MGI prev\u00ea que a prova objetiva seja aplicada em 5 de outubro deste ano em 228 cidades de todas as unidades da federa\u00e7\u00e3o, como ocorreu em agosto de 2024. Somente os habilitados nesta primeira fase, far\u00e3o a prova discursiva em 7 de dezembro.<\/p>\n<p>A ministra comentou o formato in\u00e9dito. \u201cAs provas ser\u00e3o em duas fases, com duas datas diferentes, porque uma habilitar\u00e1 para outra fase. Essa \u00e9 a grande mudan\u00e7a.\u201d<\/p>\n<p>\u201cIsso acontece em outros concursos. A gente n\u00e3o tinha feito assim no CPNU 1, tentando fazer tudo na mesma data. Na nossa vis\u00e3o, isso foi um dos pontos que, desde a nossa an\u00e1lise do concurso, era algo que poderia ser aperfei\u00e7oado\u201d, explicou a ministra.<\/p>\n<p>Blocos tem\u00e1ticos<br \/>\nNa nova edi\u00e7\u00e3o do chamado Enem dos Concursos, as vagas estar\u00e3o divididas em nove blocos tem\u00e1ticos. Na primeira edi\u00e7\u00e3o, foram oito.<\/p>\n<p>O MGI adotar\u00e1 a mesma sistem\u00e1tica de inscri\u00e7\u00e3o para diferentes cargos dentro do mesmo bloco, com possibilidade de o candidato definir uma lista com a ordem de prefer\u00eancia pelos cargos.<\/p>\n<p><strong>Banca examinadora<\/strong><br \/>\nA banca examinadora ainda n\u00e3o foi definida, e o MGI firmar\u00e1 o contrato com a empresa escolhida por chamamento p\u00fablico, com dispensa de licita\u00e7\u00e3o, mesmo modelo adotado na primeira edi\u00e7\u00e3o do concurso unificado. Neste formato, as empresas apresentam suas ofertas ao Poder P\u00fablico.<\/p>\n<p>A ministra esclareceu que o termo de refer\u00eancia (TR) do concurso ser\u00e1 enviado, nesta segunda-feira, \u00e0s bancas examinadoras de todo o pa\u00eds, que cumprem os requisitos m\u00ednimos exigidos pelo governo federal para a realiza\u00e7\u00e3o de um concurso p\u00fablico.<\/p>\n<p>\u201cN\u00e3o \u00e9 uma dispensa de licita\u00e7\u00e3o sem concorr\u00eancia. \u00c9 uma maneira que a administra\u00e7\u00e3o p\u00fablica utiliza, diante de ter poucas bancas que s\u00e3o capazes de fazer um concurso dessa dimens\u00e3o.\u201d<\/p>\n<p>A partir da contrata\u00e7\u00e3o da banca examinadora, a ministra estima que o edital do CNU 2 seja publicado no in\u00edcio de julho.<\/p>\n<p>De acordo com o cronograma apresentado na sede da pasta, em Bras\u00edlia, as inscri\u00e7\u00f5es dos candidatos devem ser realizadas em julho. A divulga\u00e7\u00e3o dos resultados finais ocorrer\u00e1 em fevereiro de 2026.<\/p>\n<p><strong>Primeiro CNU<\/strong><br \/>\nA primeira edi\u00e7\u00e3o do Concurso P\u00fablico Nacional Unificado, em 2024, \u00e9 apontada como o maior certame j\u00e1 realizado no Brasil.<\/p>\n<p>O n\u00famero de inscritos somou 2.144.397 para disputar 6.640 vagas de cargos p\u00fablicos de n\u00edveis superior, m\u00e9dio e t\u00e9cnico para diversas especialidades, distribu\u00eddas em 21 \u00f3rg\u00e3os da administra\u00e7\u00e3o p\u00fablica federal. As remunera\u00e7\u00f5es dos futuros servidores federais variam de R$ 3.741,84 a R$ 22.921,71.<\/p>\n<p>A primeira edi\u00e7\u00e3o do certame foi realizada em 18 de agosto do ano passado, simultaneamente, em 228 cidades de todas as unidades das federa\u00e7\u00f5es, mediante o pagamento de uma \u00fanica taxa de inscri\u00e7\u00e3o. Cerca de 1 milh\u00e3o de candidatos realizaram as provas objetivas e discursivas. O objetivo do governo federal foi democratizar o acesso da popula\u00e7\u00e3o \u00e0s vagas do servi\u00e7o p\u00fablico.<\/p>\n<p>Na \u00faltima sexta-feira (25) o governo publicou a portaria que autoriza a primeira convoca\u00e7\u00e3o de 4,3 mil aprovados no concurso unificado. As nomea\u00e7\u00f5es est\u00e3o previstas para maio em 16 \u00f3rg\u00e3os federais.<\/p>\n","protected":false},"excerpt":{"rendered":"<p>A segunda edi\u00e7\u00e3o do Concurso P\u00fablico Nacional Unificado (CPNU) vai oferecer 3.352 vagas distribu\u00eddas em 35 \u00f3rg\u00e3os da administra\u00e7\u00e3o p\u00fablica federal. O an\u00fancio foi feito pela ministra da Gest\u00e3o e da Inova\u00e7\u00e3o em Servi\u00e7os P\u00fablicos (MGI), Esther Dweck, nesta segunda-feira (28). Do total de vagas, 2.180 s\u00e3o para convoca\u00e7\u00e3o imediata, sendo 1.672 de n\u00edvel superior [&hellip;]<\/p>\n","protected":false},"author":2,"featured_media":353004,"comment_status":"closed","ping_status":"closed","sticky":false,"template":"","format":"standard","meta":{"_acf_changed":false,"footnotes":""},"categories":[161],"tags":[],"class_list":["post-353003","post","type-post","status-publish","format-standard","has-post-thumbnail","hentry","category-quadradinho-em-foco"],"acf":[],"_links":{"self":[{"href":"https:\/\/www.notibras.com\/site\/wp-json\/wp\/v2\/posts\/353003","targetHints":{"allow":["GET"]}}],"collection":[{"href":"https:\/\/www.notibras.com\/site\/wp-json\/wp\/v2\/posts"}],"about":[{"href":"https:\/\/www.notibras.com\/site\/wp-json\/wp\/v2\/types\/post"}],"author":[{"embeddable":true,"href":"https:\/\/www.notibras.com\/site\/wp-json\/wp\/v2\/users\/2"}],"replies":[{"embeddable":true,"href":"https:\/\/www.notibras.com\/site\/wp-json\/wp\/v2\/comments?post=353003"}],"version-history":[{"count":1,"href":"https:\/\/www.notibras.com\/site\/wp-json\/wp\/v2\/posts\/353003\/revisions"}],"predecessor-version":[{"id":353005,"href":"https:\/\/www.notibras.com\/site\/wp-json\/wp\/v2\/posts\/353003\/revisions\/353005"}],"wp:featuredmedia":[{"embeddable":true,"href":"https:\/\/www.notibras.com\/site\/wp-json\/wp\/v2\/media\/353004"}],"wp:attachment":[{"href":"https:\/\/www.notibras.com\/site\/wp-json\/wp\/v2\/media?parent=353003"}],"wp:term":[{"taxonomy":"category","embeddable":true,"href":"https:\/\/www.notibras.com\/site\/wp-json\/wp\/v2\/categories?post=353003"},{"taxonomy":"post_tag","embeddable":true,"href":"https:\/\/www.notibras.com\/site\/wp-json\/wp\/v2\/tags?post=353003"}],"curies":[{"name":"wp","href":"https:\/\/api.w.org\/{rel}","templated":true}]}}