{"id":353010,"date":"2025-04-29T00:08:37","date_gmt":"2025-04-29T03:08:37","guid":{"rendered":"https:\/\/www.notibras.com\/site\/?p=353010"},"modified":"2025-04-29T07:11:10","modified_gmt":"2025-04-29T10:11:10","slug":"cuide-da-saude-porque-morrer-fica-mais-caro-em-brasilia","status":"publish","type":"post","link":"https:\/\/www.notibras.com\/site\/cuide-da-saude-porque-morrer-fica-mais-caro-em-brasilia\/","title":{"rendered":"Cuide da sa\u00fade, porque morrer fica mais caro em Bras\u00edlia"},"content":{"rendered":"<p>A Secretaria de Estado de Justi\u00e7a e Cidadania do Distrito Federal (Sejus-DF) publicou nesta segunda-feira (28) a Portaria n\u00ba 372\/2025, que fixa e torna p\u00fablicos os novos valores das tarifas de servi\u00e7os cemiteriais no Distrito Federal. O reajuste aplicado \u00e9 de 5,057630%, correspondente \u00e0 varia\u00e7\u00e3o acumulada do \u00cdndice Nacional de Pre\u00e7os ao Consumidor Amplo (IPCA) no per\u00edodo de mar\u00e7o de 2024 a fevereiro de 2025.<\/p>\n<p>A atualiza\u00e7\u00e3o \u00e9 realizada anualmente, conforme previsto na cl\u00e1usula 6.3 do Contrato de Concess\u00e3o de Servi\u00e7os P\u00fablicos precedido de Obras P\u00fablicas sobre im\u00f3vel do Distrito Federal n\u00ba 01\/2002, e no Terceiro Termo Aditivo, firmado entre o Governo do Distrito Federal (GDF) e a empresa Campo da Esperan\u00e7a Servi\u00e7os Ltda., respons\u00e1vel pela administra\u00e7\u00e3o dos cemit\u00e9rios p\u00fablicos da capital.<\/p>\n<p>Entre os servi\u00e7os impactados est\u00e3o o arrendamento de jazigos, a loca\u00e7\u00e3o de capelas para vel\u00f3rios, servi\u00e7os de sepultamento, exuma\u00e7\u00f5es, entre outros. A nova tabela de pre\u00e7os foi divulgada como anexo \u00fanico da portaria e j\u00e1 est\u00e1 em vigor.<\/p>\n<p>Atualmente, por meio da concess\u00e3o dos servi\u00e7os p\u00fablicos de cemit\u00e9rios no Distrito Federal, a concession\u00e1ria Campo da Esperan\u00e7a \u00e9 respons\u00e1vel pela gest\u00e3o de seis unidades: Asa Sul, Planaltina, Sobradinho, Taguatinga, Gama e Brazl\u00e2ndia.<\/p>\n<p>A \u00edntegra da Portaria n\u00ba 372, de 25 de abril de 2025, pode ser consultada no Di\u00e1rio Oficial do Distrito Federal.<\/p>\n","protected":false},"excerpt":{"rendered":"<p>A Secretaria de Estado de Justi\u00e7a e Cidadania do Distrito Federal (Sejus-DF) publicou nesta segunda-feira (28) a Portaria n\u00ba 372\/2025, que fixa e torna p\u00fablicos os novos valores das tarifas de servi\u00e7os cemiteriais no Distrito Federal. O reajuste aplicado \u00e9 de 5,057630%, correspondente \u00e0 varia\u00e7\u00e3o acumulada do \u00cdndice Nacional de Pre\u00e7os ao Consumidor Amplo (IPCA) [&hellip;]<\/p>\n","protected":false},"author":2,"featured_media":353011,"comment_status":"closed","ping_status":"closed","sticky":false,"template":"","format":"standard","meta":{"_acf_changed":false,"footnotes":""},"categories":[161],"tags":[],"class_list":["post-353010","post","type-post","status-publish","format-standard","has-post-thumbnail","hentry","category-quadradinho-em-foco"],"acf":[],"_links":{"self":[{"href":"https:\/\/www.notibras.com\/site\/wp-json\/wp\/v2\/posts\/353010","targetHints":{"allow":["GET"]}}],"collection":[{"href":"https:\/\/www.notibras.com\/site\/wp-json\/wp\/v2\/posts"}],"about":[{"href":"https:\/\/www.notibras.com\/site\/wp-json\/wp\/v2\/types\/post"}],"author":[{"embeddable":true,"href":"https:\/\/www.notibras.com\/site\/wp-json\/wp\/v2\/users\/2"}],"replies":[{"embeddable":true,"href":"https:\/\/www.notibras.com\/site\/wp-json\/wp\/v2\/comments?post=353010"}],"version-history":[{"count":1,"href":"https:\/\/www.notibras.com\/site\/wp-json\/wp\/v2\/posts\/353010\/revisions"}],"predecessor-version":[{"id":353012,"href":"https:\/\/www.notibras.com\/site\/wp-json\/wp\/v2\/posts\/353010\/revisions\/353012"}],"wp:featuredmedia":[{"embeddable":true,"href":"https:\/\/www.notibras.com\/site\/wp-json\/wp\/v2\/media\/353011"}],"wp:attachment":[{"href":"https:\/\/www.notibras.com\/site\/wp-json\/wp\/v2\/media?parent=353010"}],"wp:term":[{"taxonomy":"category","embeddable":true,"href":"https:\/\/www.notibras.com\/site\/wp-json\/wp\/v2\/categories?post=353010"},{"taxonomy":"post_tag","embeddable":true,"href":"https:\/\/www.notibras.com\/site\/wp-json\/wp\/v2\/tags?post=353010"}],"curies":[{"name":"wp","href":"https:\/\/api.w.org\/{rel}","templated":true}]}}