{"id":353013,"date":"2025-04-29T00:16:30","date_gmt":"2025-04-29T03:16:30","guid":{"rendered":"https:\/\/www.notibras.com\/site\/?p=353013"},"modified":"2025-04-29T07:23:37","modified_gmt":"2025-04-29T10:23:37","slug":"brasilia-e-a-quinta-capital-mais-arborizada-do-pais","status":"publish","type":"post","link":"https:\/\/www.notibras.com\/site\/brasilia-e-a-quinta-capital-mais-arborizada-do-pais\/","title":{"rendered":"Bras\u00edlia \u00e9 a quinta capital mais arborizada do pa\u00eds"},"content":{"rendered":"<p>Em Bras\u00edlia, a natureza convive com a arquitetura: os tra\u00e7os de Oscar Niemeyer comp\u00f5em as paisagens junto a mais de 200 esp\u00e9cies de \u00e1rvores, sendo a maioria nativa do cerrado. Tal diversidade rendeu \u00e0 capital da Rep\u00fablica a quinta posi\u00e7\u00e3o no ranking de capitais brasileiras com maior n\u00famero de \u00e1rvores nas ruas. A pesquisa Caracter\u00edsticas Urban\u00edsticas do Entorno dos Domic\u00edlios (Censo 2022), divulgada pelo IBGE neste m\u00eas, aponta que 84,2% dos moradores vivem em ruas com arboriza\u00e7\u00e3o, \u00edndice maior que a m\u00e9dia nacional (66%) e inferior ao de Campo Grande (MS), Goi\u00e2nia (GO), Palmas (TO) e Curitiba (PR).<\/p>\n<p>O levantamento informa, ainda, a densidade arb\u00f3rea do Quadradinho. O Distrito Federal ocupa o segundo lugar na lista, que aponta que 56,4% dos cidad\u00e3os convivem com cinco ou mais \u00e1rvores pr\u00f3ximas de casa. Mais uma vez, o n\u00famero \u00e9 maior que a m\u00e9dia nacional (32,1%) e fica atr\u00e1s do Mato Grosso do Sul (59%). Os patamares mais baixos s\u00e3o encontrados no Acre e no Amazonas, com 10,7% e 13,7% respectivamente.<\/p>\n<p>Os destaques s\u00e3o prova do trabalho deste Governo do Distrito Federal (GDF). De acordo com a Companhia Urbanizadora da Nova Capital (Novacap), cerca de 6 milh\u00f5es de \u00e1rvores est\u00e3o distribu\u00eddas em todas as regi\u00f5es administrativas, categorizadas entre floridas, frut\u00edferas e que geram sombra. No Plano Piloto, s\u00e3o aproximadamente 1,5 milh\u00e3o de exemplares, incluindo cerca de 600 mil ip\u00eas, s\u00edmbolo brasiliense que floresce nas cores roxo, amarelo, rosa e branco.<\/p>\n<p>Entre 2024 e 2025, foram plantadas 82.614 novas \u00e1rvores de diversas esp\u00e9cies por meio do plano anual de arboriza\u00e7\u00e3o, refor\u00e7ando o compromisso do GDF com a amplia\u00e7\u00e3o e diversifica\u00e7\u00e3o do verde urbano. \u201cNosso objetivo \u00e9 intensificar o plantio de mudas cada vez mais e, gradativamente, continuar subindo nesse ranking\u201d, assegura o presidente da empresa, Fernando Leite.<\/p>\n<p>Essenciais para a qualidade do ar e para a diminui\u00e7\u00e3o do calor, as plantas contribuem com o bem-estar f\u00edsico e mental das pessoas. \u00c9 o que pensa a estudante Karoline Helo\u00edsa, 37 anos: \u201cA natureza ajuda muito na parte respirat\u00f3ria e tamb\u00e9m com a sa\u00fade mental, saindo um pouco da polui\u00e7\u00e3o visual s\u00f3 de pr\u00e9dios. Comp\u00f5em uma paisagem mais bonita\u201d. Ela e o pai fazem caminhada no Parque da Cidade semanalmente. \u201cToda vez que vejo um parque sendo constru\u00eddo, abrindo espa\u00e7o para uma caminhada e para termos esse contato com a natureza, acho maravilhoso.\u201d<\/p>\n<p>O empres\u00e1rio Gilson Gaud\u00eancio, 49, tamb\u00e9m descreve os benef\u00edcios da natureza para a comunidade. Morador de Sobradinho, ele mant\u00e9m um grupo de ora\u00e7\u00e3o no Parque Jequitib\u00e1s aos domingos, al\u00e9m de usar o espa\u00e7o para atividades f\u00edsicas. \u201cEu uso o parque todos os dias. Corro cinco quil\u00f4metros de manh\u00e3 e cinco quil\u00f4metros \u00e0 tarde, e \u00e9 bom demais correr na sombra, ao ar fresco. A diversidade de \u00e1rvores faz a diferen\u00e7a. Todo verd\u00e3o, assim, fica muito mais gostoso. D\u00e1 vontade de caminhar descal\u00e7o, deitar com a fam\u00edlia, fazer um piquenique, \u00e9 muito bom\u201d, avalia.<\/p>\n<p><strong>Plantio<\/strong><br \/>\nAs mudas que chegam \u00e0s ruas do Distrito Federal s\u00e3o desenvolvidas em dois viveiros do Departamento de Parques e Jardins da Novacap. Cada planta passa por pesquisas agron\u00f4micas e experimentos para visualizar se h\u00e1 adapta\u00e7\u00e3o \u00e0s condi\u00e7\u00f5es clim\u00e1ticas e de solo da capital. A partir do estudo, \u00e9 feita a introdu\u00e7\u00e3o das novas esp\u00e9cies.<\/p>\n<p>O plantio de \u00e1rvores pela popula\u00e7\u00e3o deve ser orientado por equipes t\u00e9cnicas da Novacap, para evitar preju\u00edzos estruturais e at\u00e9 acidentes.<\/p>\n","protected":false},"excerpt":{"rendered":"<p>Em Bras\u00edlia, a natureza convive com a arquitetura: os tra\u00e7os de Oscar Niemeyer comp\u00f5em as paisagens junto a mais de 200 esp\u00e9cies de \u00e1rvores, sendo a maioria nativa do cerrado. Tal diversidade rendeu \u00e0 capital da Rep\u00fablica a quinta posi\u00e7\u00e3o no ranking de capitais brasileiras com maior n\u00famero de \u00e1rvores nas ruas. A pesquisa Caracter\u00edsticas [&hellip;]<\/p>\n","protected":false},"author":2,"featured_media":353014,"comment_status":"closed","ping_status":"closed","sticky":false,"template":"","format":"standard","meta":{"_acf_changed":false,"footnotes":""},"categories":[161],"tags":[],"class_list":["post-353013","post","type-post","status-publish","format-standard","has-post-thumbnail","hentry","category-quadradinho-em-foco"],"acf":[],"_links":{"self":[{"href":"https:\/\/www.notibras.com\/site\/wp-json\/wp\/v2\/posts\/353013","targetHints":{"allow":["GET"]}}],"collection":[{"href":"https:\/\/www.notibras.com\/site\/wp-json\/wp\/v2\/posts"}],"about":[{"href":"https:\/\/www.notibras.com\/site\/wp-json\/wp\/v2\/types\/post"}],"author":[{"embeddable":true,"href":"https:\/\/www.notibras.com\/site\/wp-json\/wp\/v2\/users\/2"}],"replies":[{"embeddable":true,"href":"https:\/\/www.notibras.com\/site\/wp-json\/wp\/v2\/comments?post=353013"}],"version-history":[{"count":1,"href":"https:\/\/www.notibras.com\/site\/wp-json\/wp\/v2\/posts\/353013\/revisions"}],"predecessor-version":[{"id":353015,"href":"https:\/\/www.notibras.com\/site\/wp-json\/wp\/v2\/posts\/353013\/revisions\/353015"}],"wp:featuredmedia":[{"embeddable":true,"href":"https:\/\/www.notibras.com\/site\/wp-json\/wp\/v2\/media\/353014"}],"wp:attachment":[{"href":"https:\/\/www.notibras.com\/site\/wp-json\/wp\/v2\/media?parent=353013"}],"wp:term":[{"taxonomy":"category","embeddable":true,"href":"https:\/\/www.notibras.com\/site\/wp-json\/wp\/v2\/categories?post=353013"},{"taxonomy":"post_tag","embeddable":true,"href":"https:\/\/www.notibras.com\/site\/wp-json\/wp\/v2\/tags?post=353013"}],"curies":[{"name":"wp","href":"https:\/\/api.w.org\/{rel}","templated":true}]}}